{"id":11809,"date":"2024-04-30T08:51:31","date_gmt":"2024-04-30T06:51:31","guid":{"rendered":"https:\/\/www.lafresca.fm\/?p=11809"},"modified":"2024-04-30T08:51:38","modified_gmt":"2024-04-30T06:51:38","slug":"el-archivo-de-ibi-acogera-la-conferencia-exilio-republicano-en-argelia-y-los-republicanos-de-ibi-en-los-campos-de-concentracion-1939-1943","status":"publish","type":"post","link":"https:\/\/www.lafresca.fm\/el-archivo-de-ibi-acogera-la-conferencia-exilio-republicano-en-argelia-y-los-republicanos-de-ibi-en-los-campos-de-concentracion-1939-1943\/","title":{"rendered":"El Archivo de Ibi acoger\u00e1 la conferencia \u201cExilio republicano en Argelia y los republicanos de Ibi en los campos de concentraci\u00f3n. 1939-1943\u201d"},"content":{"rendered":"\n<p>\u00b7 Tendr\u00e1 lugar en la sala de actos del Archivo Municipal, el pr\u00f3ximo 14 de mayo, a las 18:00 h, con entrada libre hasta completar aforo.<\/p>\n\n\n\n<p>El pr\u00f3ximo d\u00eda 14 de mayo, en el Archivo Municipal de Ibi, se impartir\u00e1 la conferencia \u201cExilio republicano en Argelia y los republicanos de Ibi en los campos de concentraci\u00f3n. 1939-1943\u201d, a cargo de la investigadora Eliane Ortega Bernab\u00e9u, especialista en el estudio del exilio republicano en el norte de \u00c1frica y los campos de concentraci\u00f3n franceses.<\/p>\n\n\n\n<p>Eliane Ortega dar\u00e1 a conocer diversos cap\u00edtulos de los \u00faltimos momentos del final de la guerra civil en el puerto de Alicante, la di\u00e1spora de los republicanos exili\u00e1ndose a bordo de los barcos que los trasladar\u00edan, en una dif\u00edcil traves\u00eda, al norte de \u00c1frica y, en especial, al protectorado franc\u00e9s de Argelia, los dram\u00e1ticos momentos de la llegada a los puertos y el posterior destino a los campos de concentraci\u00f3n, repartidos por toda la geograf\u00eda argelina. Para ello, se ha basado en los trabajos de investigaci\u00f3n en archivos, en los testimonios orales de protagonistas y familiares y en el conocimiento preciso del territorio de estudio al haber nacido ella en el mismo Or\u00e1n.<\/p>\n\n\n\n<p>En su conferencia en Ibi, Eliane, descendiente de ibenses emigrados a Argelia (su tatarabuelo era de Ibi), informar\u00e1 sobre la historia de los republicanos de Ibi, protagonistas de esta tragedia, rescatando as\u00ed uno de los episodios m\u00e1s dram\u00e1ticos de nuestra historia contempor\u00e1nea y, a su vez, m\u00e1s desconocidos de las consecuencias del final de la guerra civil para los republicanos represaliados.<\/p>\n\n\n\n<p>El acto, que ser\u00e1 moderado por el catedr\u00e1tico de Historia Contempor\u00e1nea de la Universidad de Alicante, Josep Miquel Santacreu Soler, contar\u00e1 con la presencia del alcalde de Ibi, Sergio Carrasco Mart\u00ednez, la vicealcaldesa, Aitana Gand\u00eda Vidal, y la archivera municipal, M.\u00aa Jos\u00e9 Mart\u00ednez Tribaldos, que introducir\u00e1 el acto.<\/p>\n\n\n\n<figure class=\"wp-block-image size-large\"><img fetchpriority=\"high\" decoding=\"async\" width=\"827\" height=\"1170\" src=\"https:\/\/www.lafresca.fm\/f-solosog\/2024\/04\/Conferencia_ExilioRepublicano-827x1170.jpg\" alt=\"\" class=\"wp-image-11810\" srcset=\"https:\/\/www.lafresca.fm\/f-solosog\/2024\/04\/Conferencia_ExilioRepublicano-827x1170.jpg 827w, https:\/\/www.lafresca.fm\/f-solosog\/2024\/04\/Conferencia_ExilioRepublicano-545x770.jpg 545w, https:\/\/www.lafresca.fm\/f-solosog\/2024\/04\/Conferencia_ExilioRepublicano-768x1086.jpg 768w, https:\/\/www.lafresca.fm\/f-solosog\/2024\/04\/Conferencia_ExilioRepublicano-1086x1536.jpg 1086w, https:\/\/www.lafresca.fm\/f-solosog\/2024\/04\/Conferencia_ExilioRepublicano-1448x2048.jpg 1448w, https:\/\/www.lafresca.fm\/f-solosog\/2024\/04\/Conferencia_ExilioRepublicano-scaled.jpg 1810w\" sizes=\"(max-width: 827px) 100vw, 827px\" \/><\/figure>\n<script>function PlayerjsAsync(){} if(window[\"Playerjs\"]){PlayerjsAsync();}<\/script>","protected":false},"excerpt":{"rendered":"<p>\u00b7 Tendr\u00e1 lugar en la sala de actos del Archivo Municipal, el pr\u00f3ximo 14 de mayo, a las 18:00 h, con entrada libre hasta completar aforo. El pr\u00f3ximo d\u00eda 14 de mayo, en el Archivo Municipal de Ibi, se impartir\u00e1 la conferencia \u201cExilio republicano en Argelia y los republicanos de ...<\/p>\n","protected":false},"author":2,"featured_media":11810,"comment_status":"closed","ping_status":"closed","sticky":false,"template":"","format":"standard","meta":{"_monsterinsights_skip_tracking":false,"_monsterinsights_sitenote_active":false,"_monsterinsights_sitenote_note":"","_monsterinsights_sitenote_category":0,"footnotes":""},"categories":[4],"tags":[128],"class_list":["post-11809","post","type-post","status-publish","format-standard","has-post-thumbnail","hentry","category-alicante","tag-ibi"],"aioseo_notices":[],"_links":{"self":[{"href":"https:\/\/www.lafresca.fm\/fresca-api-json\/wp\/v2\/posts\/11809","targetHints":{"allow":["GET"]}}],"collection":[{"href":"https:\/\/www.lafresca.fm\/fresca-api-json\/wp\/v2\/posts"}],"about":[{"href":"https:\/\/www.lafresca.fm\/fresca-api-json\/wp\/v2\/types\/post"}],"author":[{"embeddable":true,"href":"https:\/\/www.lafresca.fm\/fresca-api-json\/wp\/v2\/users\/2"}],"replies":[{"embeddable":true,"href":"https:\/\/www.lafresca.fm\/fresca-api-json\/wp\/v2\/comments?post=11809"}],"version-history":[{"count":1,"href":"https:\/\/www.lafresca.fm\/fresca-api-json\/wp\/v2\/posts\/11809\/revisions"}],"predecessor-version":[{"id":11811,"href":"https:\/\/www.lafresca.fm\/fresca-api-json\/wp\/v2\/posts\/11809\/revisions\/11811"}],"wp:featuredmedia":[{"embeddable":true,"href":"https:\/\/www.lafresca.fm\/fresca-api-json\/wp\/v2\/media\/11810"}],"wp:attachment":[{"href":"https:\/\/www.lafresca.fm\/fresca-api-json\/wp\/v2\/media?parent=11809"}],"wp:term":[{"taxonomy":"category","embeddable":true,"href":"https:\/\/www.lafresca.fm\/fresca-api-json\/wp\/v2\/categories?post=11809"},{"taxonomy":"post_tag","embeddable":true,"href":"https:\/\/www.lafresca.fm\/fresca-api-json\/wp\/v2\/tags?post=11809"}],"curies":[{"name":"wp","href":"https:\/\/api.w.org\/{rel}","templated":true}]}}