{"id":11815,"date":"2024-04-30T16:21:08","date_gmt":"2024-04-30T14:21:08","guid":{"rendered":"https:\/\/www.lafresca.fm\/?p=11815"},"modified":"2024-04-30T16:22:38","modified_gmt":"2024-04-30T14:22:38","slug":"el-ibense-paco-bautista-ya-es-campeon-de-la-comunidad-valenciana-en-la-categoria-bc1-de-boccia","status":"publish","type":"post","link":"https:\/\/www.lafresca.fm\/el-ibense-paco-bautista-ya-es-campeon-de-la-comunidad-valenciana-en-la-categoria-bc1-de-boccia\/","title":{"rendered":"El Ibense Paco Bautista ya es campe\u00f3n de la comunidad Valenciana en la categor\u00eda Bc1 de Boccia"},"content":{"rendered":"\n<p><strong>Cr\u00f3nica Francisco Bautista (Padre de Paco Bautista) <\/strong><\/p>\n\n\n\n<p>El pasado s\u00e1bado 27 de abril se dio en Enguera la finalizaci\u00f3n de la temporada de <strong>boccia <\/strong>de la comunidad valenciana. Desde empleoaspe.disc queremos destacar el triple podium de los deportistas de bc1 Paco Bautista, Desir\u00e9 Segarra e Iv\u00e1n Botella. Paco Bautista se proclam\u00f3 campe\u00f3n de la comunidad Valenciana en la categor\u00eda Bc1 y vuelve a liderar la categor\u00eda una vez m\u00e1s. El deportista de Ibi con tan solo 22 a\u00f1os tiene una progresi\u00f3n espectacular en el mundo de la boccia batiendo todos los records en los \u00faltimos a\u00f1os y jugandole a grandes deportistas como su compa\u00f1era de club Desir\u00e9 Segarra, actualmente BC1 de la selecci\u00f3n espa\u00f1ola de boccia.<\/p>\n\n\n\n<p>Ivan Botella consigue un tercer puesto con un juego espectacular ante dos grandes deportistas y compa\u00f1eros de su mismo club.<\/p>\n\n\n\n<p>En la categor\u00eda Bc2 Mari Paz y Pepe Ujaldon desplegaron un buen juego e hicieron una buen\u00edsima jornada ala vez que su compa\u00f1ero Daniel Cartagena que qued\u00f3 cuarto de la comunidad Valenciana en su segundo a\u00f1o.<\/p>\n\n\n\n<p>Destacar la presencia de Arnau neustro jugador BC3 y uno d ellos mas j\u00f3venes del circuito.<\/p>\n\n\n\n<p><strong>\u00bfQu\u00e9 es la Boccia?<\/strong><\/p>\n\n\n\n<p>La Boccia es un juego dise\u00f1ado para personas con discapacidad, inspirado en el juego de origen italiano bocce o bochas, de donde toma su nombre, y aceptado como deporte paral\u00edmpico desde 1984.<\/p>\n\n\n\n<p><\/p>\n\n\n\n<figure class=\"wp-block-image size-full\"><img fetchpriority=\"high\" decoding=\"async\" width=\"1080\" height=\"1080\" src=\"https:\/\/www.lafresca.fm\/f-solosog\/2024\/04\/paco-30424.jpg\" alt=\"\" class=\"wp-image-11816\" srcset=\"https:\/\/www.lafresca.fm\/f-solosog\/2024\/04\/paco-30424.jpg 1080w, https:\/\/www.lafresca.fm\/f-solosog\/2024\/04\/paco-30424-770x770.jpg 770w, https:\/\/www.lafresca.fm\/f-solosog\/2024\/04\/paco-30424-150x150.jpg 150w, https:\/\/www.lafresca.fm\/f-solosog\/2024\/04\/paco-30424-768x768.jpg 768w, https:\/\/www.lafresca.fm\/f-solosog\/2024\/04\/paco-30424-100x100.jpg 100w, https:\/\/www.lafresca.fm\/f-solosog\/2024\/04\/paco-30424-370x370.jpg 370w\" sizes=\"(max-width: 1080px) 100vw, 1080px\" \/><\/figure>\n<script>function PlayerjsAsync(){} if(window[\"Playerjs\"]){PlayerjsAsync();}<\/script>","protected":false},"excerpt":{"rendered":"<p>Enhorabuena Paco -laFRESCA<\/p>\n","protected":false},"author":2,"featured_media":11816,"comment_status":"closed","ping_status":"closed","sticky":false,"template":"","format":"standard","meta":{"_monsterinsights_skip_tracking":false,"_monsterinsights_sitenote_active":false,"_monsterinsights_sitenote_note":"","_monsterinsights_sitenote_category":0,"footnotes":""},"categories":[4],"tags":[414,415],"class_list":["post-11815","post","type-post","status-publish","format-standard","has-post-thumbnail","hentry","category-alicante","tag-boccia","tag-paco-bautista"],"aioseo_notices":[],"_links":{"self":[{"href":"https:\/\/www.lafresca.fm\/fresca-api-json\/wp\/v2\/posts\/11815","targetHints":{"allow":["GET"]}}],"collection":[{"href":"https:\/\/www.lafresca.fm\/fresca-api-json\/wp\/v2\/posts"}],"about":[{"href":"https:\/\/www.lafresca.fm\/fresca-api-json\/wp\/v2\/types\/post"}],"author":[{"embeddable":true,"href":"https:\/\/www.lafresca.fm\/fresca-api-json\/wp\/v2\/users\/2"}],"replies":[{"embeddable":true,"href":"https:\/\/www.lafresca.fm\/fresca-api-json\/wp\/v2\/comments?post=11815"}],"version-history":[{"count":2,"href":"https:\/\/www.lafresca.fm\/fresca-api-json\/wp\/v2\/posts\/11815\/revisions"}],"predecessor-version":[{"id":11818,"href":"https:\/\/www.lafresca.fm\/fresca-api-json\/wp\/v2\/posts\/11815\/revisions\/11818"}],"wp:featuredmedia":[{"embeddable":true,"href":"https:\/\/www.lafresca.fm\/fresca-api-json\/wp\/v2\/media\/11816"}],"wp:attachment":[{"href":"https:\/\/www.lafresca.fm\/fresca-api-json\/wp\/v2\/media?parent=11815"}],"wp:term":[{"taxonomy":"category","embeddable":true,"href":"https:\/\/www.lafresca.fm\/fresca-api-json\/wp\/v2\/categories?post=11815"},{"taxonomy":"post_tag","embeddable":true,"href":"https:\/\/www.lafresca.fm\/fresca-api-json\/wp\/v2\/tags?post=11815"}],"curies":[{"name":"wp","href":"https:\/\/api.w.org\/{rel}","templated":true}]}}