{"id":11829,"date":"2024-05-06T14:24:28","date_gmt":"2024-05-06T12:24:28","guid":{"rendered":"https:\/\/www.lafresca.fm\/?p=11829"},"modified":"2024-05-06T14:43:08","modified_gmt":"2024-05-06T12:43:08","slug":"entrevista-con-la-asociacion-de-fibromialgia-de-la-foia-de-castalla","status":"publish","type":"post","link":"https:\/\/www.lafresca.fm\/entrevista-con-la-asociacion-de-fibromialgia-de-la-foia-de-castalla\/","title":{"rendered":"Entrevista con la Asociaci\u00f3n de Fibromialgia de la Foia de Castalla"},"content":{"rendered":"\n<p>El domingo 12 de mayo se celebrar\u00e1 el <strong>D\u00eda Mundial de la Fibromialgia y del S\u00edndrome de la Fatiga Cr\u00f3nica,  <\/strong>y desde la asociaci\u00f3n de Fibromialgia, Enfermedades Reum\u00e1ticas y Musculoesquel\u00e9ticas de la Foia, han organizado una marcha solidaria el 12 de mayo en Onil y una obra de teatro el d\u00eda 19 de mayo, para concienciar y dar visibilidad a la fibromialgia.<\/p>\n\n\n\n<p>Hablamos con Antonio Rubio, Irene Barea, Consue Santos y Maribel Galva\u00f1 desde la asociaci\u00f3n. <\/p>\n\n\n\n<figure class=\"wp-block-audio\"><audio controls src=\"https:\/\/www.lafresca.fm\/f-solosog\/2024\/05\/Entevista-Fibro-castalla-6-5-24.mp3\"><\/audio><\/figure>\n\n\n\n<figure class=\"wp-block-gallery has-nested-images columns-default is-cropped wp-block-gallery-1 is-layout-flex wp-block-gallery-is-layout-flex\">\n<figure class=\"wp-block-image size-large\"><img fetchpriority=\"high\" decoding=\"async\" width=\"936\" height=\"1170\" data-id=\"11832\" src=\"https:\/\/www.lafresca.fm\/f-solosog\/2024\/05\/fibro-2-936x1170.jpg\" alt=\"\" class=\"wp-image-11832\" srcset=\"https:\/\/www.lafresca.fm\/f-solosog\/2024\/05\/fibro-2-936x1170.jpg 936w, https:\/\/www.lafresca.fm\/f-solosog\/2024\/05\/fibro-2-616x770.jpg 616w, https:\/\/www.lafresca.fm\/f-solosog\/2024\/05\/fibro-2-768x960.jpg 768w, https:\/\/www.lafresca.fm\/f-solosog\/2024\/05\/fibro-2-1229x1536.jpg 1229w, https:\/\/www.lafresca.fm\/f-solosog\/2024\/05\/fibro-2.jpg 1414w\" sizes=\"(max-width: 936px) 100vw, 936px\" \/><\/figure>\n\n\n\n<figure class=\"wp-block-image size-large\"><img decoding=\"async\" width=\"940\" height=\"788\" data-id=\"11833\" src=\"https:\/\/www.lafresca.fm\/f-solosog\/2024\/05\/fibro-3.jpg\" alt=\"\" class=\"wp-image-11833\" srcset=\"https:\/\/www.lafresca.fm\/f-solosog\/2024\/05\/fibro-3.jpg 940w, https:\/\/www.lafresca.fm\/f-solosog\/2024\/05\/fibro-3-770x645.jpg 770w, https:\/\/www.lafresca.fm\/f-solosog\/2024\/05\/fibro-3-768x644.jpg 768w\" sizes=\"(max-width: 940px) 100vw, 940px\" \/><\/figure>\n\n\n\n<figure class=\"wp-block-image size-large\"><img decoding=\"async\" width=\"513\" height=\"716\" data-id=\"11831\" src=\"https:\/\/www.lafresca.fm\/f-solosog\/2024\/05\/fibro-4.jpg\" alt=\"\" class=\"wp-image-11831\"\/><\/figure>\n\n\n\n<figure class=\"wp-block-image size-large\"><img loading=\"lazy\" decoding=\"async\" width=\"1170\" height=\"878\" data-id=\"11834\" src=\"https:\/\/www.lafresca.fm\/f-solosog\/2024\/05\/fibro-castalla-6-5-24-1170x878.jpg\" alt=\"\" class=\"wp-image-11834\" srcset=\"https:\/\/www.lafresca.fm\/f-solosog\/2024\/05\/fibro-castalla-6-5-24-1170x878.jpg 1170w, https:\/\/www.lafresca.fm\/f-solosog\/2024\/05\/fibro-castalla-6-5-24-770x578.jpg 770w, https:\/\/www.lafresca.fm\/f-solosog\/2024\/05\/fibro-castalla-6-5-24-768x576.jpg 768w, https:\/\/www.lafresca.fm\/f-solosog\/2024\/05\/fibro-castalla-6-5-24-1536x1152.jpg 1536w, https:\/\/www.lafresca.fm\/f-solosog\/2024\/05\/fibro-castalla-6-5-24.jpg 1600w\" sizes=\"(max-width: 1170px) 100vw, 1170px\" \/><\/figure>\n<\/figure>\n<script>function PlayerjsAsync(){} if(window[\"Playerjs\"]){PlayerjsAsync();}<\/script>","protected":false},"excerpt":{"rendered":"<p>Hablamos con Antonio Rubio, Irene Barea, Consue Santos y Maribel Galva\u00f1- laFRESCA<\/p>\n","protected":false},"author":2,"featured_media":11834,"comment_status":"closed","ping_status":"closed","sticky":false,"template":"","format":"standard","meta":{"_monsterinsights_skip_tracking":false,"_monsterinsights_sitenote_active":false,"_monsterinsights_sitenote_note":"","_monsterinsights_sitenote_category":0,"footnotes":""},"categories":[4],"tags":[417],"class_list":["post-11829","post","type-post","status-publish","format-standard","has-post-thumbnail","hentry","category-alicante","tag-fibromialgia"],"aioseo_notices":[],"_links":{"self":[{"href":"https:\/\/www.lafresca.fm\/fresca-api-json\/wp\/v2\/posts\/11829","targetHints":{"allow":["GET"]}}],"collection":[{"href":"https:\/\/www.lafresca.fm\/fresca-api-json\/wp\/v2\/posts"}],"about":[{"href":"https:\/\/www.lafresca.fm\/fresca-api-json\/wp\/v2\/types\/post"}],"author":[{"embeddable":true,"href":"https:\/\/www.lafresca.fm\/fresca-api-json\/wp\/v2\/users\/2"}],"replies":[{"embeddable":true,"href":"https:\/\/www.lafresca.fm\/fresca-api-json\/wp\/v2\/comments?post=11829"}],"version-history":[{"count":3,"href":"https:\/\/www.lafresca.fm\/fresca-api-json\/wp\/v2\/posts\/11829\/revisions"}],"predecessor-version":[{"id":11838,"href":"https:\/\/www.lafresca.fm\/fresca-api-json\/wp\/v2\/posts\/11829\/revisions\/11838"}],"wp:featuredmedia":[{"embeddable":true,"href":"https:\/\/www.lafresca.fm\/fresca-api-json\/wp\/v2\/media\/11834"}],"wp:attachment":[{"href":"https:\/\/www.lafresca.fm\/fresca-api-json\/wp\/v2\/media?parent=11829"}],"wp:term":[{"taxonomy":"category","embeddable":true,"href":"https:\/\/www.lafresca.fm\/fresca-api-json\/wp\/v2\/categories?post=11829"},{"taxonomy":"post_tag","embeddable":true,"href":"https:\/\/www.lafresca.fm\/fresca-api-json\/wp\/v2\/tags?post=11829"}],"curies":[{"name":"wp","href":"https:\/\/api.w.org\/{rel}","templated":true}]}}