{"id":11845,"date":"2024-05-07T15:26:50","date_gmt":"2024-05-07T13:26:50","guid":{"rendered":"https:\/\/www.lafresca.fm\/?p=11845"},"modified":"2024-05-07T15:26:53","modified_gmt":"2024-05-07T13:26:53","slug":"onil-reune-este-miercoles-8-de-mayo-a-profesionales-del-turismo-de-toda-la-comunidad-valenciana","status":"publish","type":"post","link":"https:\/\/www.lafresca.fm\/onil-reune-este-miercoles-8-de-mayo-a-profesionales-del-turismo-de-toda-la-comunidad-valenciana\/","title":{"rendered":"Onil re\u00fane este mi\u00e9rcoles 8 de mayo a profesionales del turismo de toda la Comunidad Valenciana"},"content":{"rendered":"\n<ul class=\"wp-block-list\">\n<li><strong>Estas Jornadas son un encuentro para impulsar y mejorar los servicios que recibe el visitante en las oficinas de informaci\u00f3n tur\u00edstica<\/strong><\/li>\n<\/ul>\n\n\n\n<p>Este mi\u00e9rcoles 8 de mayo Onil acoge las jornadas de la <strong>Red Tourist info<\/strong>, unas jornadas que re\u00fanen a <strong>profesionales del Turismo de toda la Comunidad Valenciana.<\/strong><\/p>\n\n\n\n<p>La villa ser\u00e1 por primera vez a anfitriona de estas jornadas, ya que desde el ayuntamiento y la concejal\u00eda de turismo se est\u00e1 apostando fuertemente por esta materia. <\/p>\n\n\n\n<p>La jornada tendr\u00e1 como t\u00edtulo \u201c<strong>Onil a trav\u00e9s del turismo industrial<\/strong>\u201d, porque somos referente del turismo industrial y eso nos hace \u00fanicos, y aprovechando este recurso tan particular queremos potenciar el resto de la oferta tur\u00edstica.<\/p>\n\n\n\n<p>Tal y como reconoce David Pons, T\u00e9cnico de Turismo de Onil, \u201c<em>Esta jornada se afronta con mucha ilusi\u00f3n, porque queremos demostrar el potencial tur\u00edstico que tiene la localidad. La finalidad es que los profesionales del turismo que asistan puedan ofrecer Onil en sus destinos tur\u00edsticos, sobre todo en los destinos de costa que es donde m\u00e1s turismo se concentra, atrayendo a esos turistas a nuestra localidad, teniendo en cuenta la proximidad que tenemos de la costa<\/em>\u201d<\/p>\n\n\n\n<p>A un d\u00eda de empezar la jornada, desde la oficina de turismo se encuentran contentos, ya que se han superado las previsiones de asistencia, incluso despertando el inter\u00e9s de personas del patronato de Costa Blanca y de la c\u00e1mara de comercio que han querido sumarse a esta jornada<\/p>\n\n\n\n<figure class=\"wp-block-image size-large\"><img fetchpriority=\"high\" decoding=\"async\" width=\"1170\" height=\"658\" src=\"https:\/\/www.lafresca.fm\/f-solosog\/2024\/05\/TouristInfoOnil_exterior-1170x658.jpg\" alt=\"\" class=\"wp-image-11846\" srcset=\"https:\/\/www.lafresca.fm\/f-solosog\/2024\/05\/TouristInfoOnil_exterior-1170x658.jpg 1170w, https:\/\/www.lafresca.fm\/f-solosog\/2024\/05\/TouristInfoOnil_exterior-770x433.jpg 770w, https:\/\/www.lafresca.fm\/f-solosog\/2024\/05\/TouristInfoOnil_exterior-768x432.jpg 768w, https:\/\/www.lafresca.fm\/f-solosog\/2024\/05\/TouristInfoOnil_exterior-1536x864.jpg 1536w, https:\/\/www.lafresca.fm\/f-solosog\/2024\/05\/TouristInfoOnil_exterior.jpg 1920w\" sizes=\"(max-width: 1170px) 100vw, 1170px\" \/><\/figure>\n<script>function PlayerjsAsync(){} if(window[\"Playerjs\"]){PlayerjsAsync();}<\/script>","protected":false},"excerpt":{"rendered":"<p>La Villa ser\u00e1 la anfitriona por primera vez de estas jornadas &#8211; laFRESCA<\/p>\n","protected":false},"author":2,"featured_media":11846,"comment_status":"closed","ping_status":"closed","sticky":false,"template":"","format":"standard","meta":{"_monsterinsights_skip_tracking":false,"_monsterinsights_sitenote_active":false,"_monsterinsights_sitenote_note":"","_monsterinsights_sitenote_category":0,"footnotes":""},"categories":[4],"tags":[133],"class_list":["post-11845","post","type-post","status-publish","format-standard","has-post-thumbnail","hentry","category-alicante","tag-onil"],"aioseo_notices":[],"_links":{"self":[{"href":"https:\/\/www.lafresca.fm\/fresca-api-json\/wp\/v2\/posts\/11845","targetHints":{"allow":["GET"]}}],"collection":[{"href":"https:\/\/www.lafresca.fm\/fresca-api-json\/wp\/v2\/posts"}],"about":[{"href":"https:\/\/www.lafresca.fm\/fresca-api-json\/wp\/v2\/types\/post"}],"author":[{"embeddable":true,"href":"https:\/\/www.lafresca.fm\/fresca-api-json\/wp\/v2\/users\/2"}],"replies":[{"embeddable":true,"href":"https:\/\/www.lafresca.fm\/fresca-api-json\/wp\/v2\/comments?post=11845"}],"version-history":[{"count":1,"href":"https:\/\/www.lafresca.fm\/fresca-api-json\/wp\/v2\/posts\/11845\/revisions"}],"predecessor-version":[{"id":11847,"href":"https:\/\/www.lafresca.fm\/fresca-api-json\/wp\/v2\/posts\/11845\/revisions\/11847"}],"wp:featuredmedia":[{"embeddable":true,"href":"https:\/\/www.lafresca.fm\/fresca-api-json\/wp\/v2\/media\/11846"}],"wp:attachment":[{"href":"https:\/\/www.lafresca.fm\/fresca-api-json\/wp\/v2\/media?parent=11845"}],"wp:term":[{"taxonomy":"category","embeddable":true,"href":"https:\/\/www.lafresca.fm\/fresca-api-json\/wp\/v2\/categories?post=11845"},{"taxonomy":"post_tag","embeddable":true,"href":"https:\/\/www.lafresca.fm\/fresca-api-json\/wp\/v2\/tags?post=11845"}],"curies":[{"name":"wp","href":"https:\/\/api.w.org\/{rel}","templated":true}]}}