{"id":11858,"date":"2024-05-09T11:19:55","date_gmt":"2024-05-09T09:19:55","guid":{"rendered":"https:\/\/www.lafresca.fm\/?p=11858"},"modified":"2024-05-09T11:19:57","modified_gmt":"2024-05-09T09:19:57","slug":"el-ayuntamiento-de-ibi-aprueba-el-expediente-de-contratacion-de-las-obras-de-la-residencia-para-personas-mayores","status":"publish","type":"post","link":"https:\/\/www.lafresca.fm\/el-ayuntamiento-de-ibi-aprueba-el-expediente-de-contratacion-de-las-obras-de-la-residencia-para-personas-mayores\/","title":{"rendered":"El Ayuntamiento de Ibi aprueba el expediente de contrataci\u00f3n de las obras de la Residencia para Personas Mayores"},"content":{"rendered":"\n<p><strong>\u00b7 Este centro, que albergar\u00e1 72 plazas residenciales y 40 de centro de d\u00eda, iniciar\u00e1 sus obras en septiembre.<\/strong><\/p>\n\n\n\n<p>El Ayuntamiento de Ibi aprob\u00f3 en el pleno celebrado este martes, 7 de mayo, la urgencia del expediente de contrataci\u00f3n de las obras de construcci\u00f3n de la &#8220;Residencia para Personas Mayores Dependientes y Centro de D\u00eda en Ibi&#8221;. Una actuaci\u00f3n, dentro del marco del Plan de Recuperaci\u00f3n, Transformaci\u00f3n y Resiliencia financiada por los Fondos Europeos Next Generation, que saldr\u00e1 a licitaci\u00f3n este mes e iniciar\u00e1 las obras tras el verano.<\/p>\n\n\n\n<p>El proyecto aprobado ha sido redactado por el arquitecto Jos\u00e9 Luis Campos Rosique de la mercantil CRYSTALZOO, SLPU, y para su ejecuci\u00f3n se cuenta con un presupuesto base de licitaci\u00f3n de 9.569.005,58 \u20ac. La licitaci\u00f3n se anunciar\u00e1 en el perfil del contratante y estar\u00e1 expuesta 30 d\u00edas naturales.<\/p>\n\n\n\n<figure class=\"wp-block-image size-large\"><img fetchpriority=\"high\" decoding=\"async\" width=\"1170\" height=\"583\" src=\"https:\/\/www.lafresca.fm\/f-solosog\/2024\/05\/proyecto-GERIATRICO-IBI-BAJA-2-1170x583.png\" alt=\"\" class=\"wp-image-11861\" srcset=\"https:\/\/www.lafresca.fm\/f-solosog\/2024\/05\/proyecto-GERIATRICO-IBI-BAJA-2-1170x583.png 1170w, https:\/\/www.lafresca.fm\/f-solosog\/2024\/05\/proyecto-GERIATRICO-IBI-BAJA-2-770x383.png 770w, https:\/\/www.lafresca.fm\/f-solosog\/2024\/05\/proyecto-GERIATRICO-IBI-BAJA-2-768x382.png 768w, https:\/\/www.lafresca.fm\/f-solosog\/2024\/05\/proyecto-GERIATRICO-IBI-BAJA-2-1536x765.png 1536w, https:\/\/www.lafresca.fm\/f-solosog\/2024\/05\/proyecto-GERIATRICO-IBI-BAJA-2.png 1701w\" sizes=\"(max-width: 1170px) 100vw, 1170px\" \/><\/figure>\n\n\n\n<p>El centro residencial previsto dispondr\u00e1 de 3.500 m\u00b2 \u00fatiles en el \u00e1rea del Alam\u00ed, ser\u00e1 de car\u00e1cter comarcal, contar\u00e1 con 72 plazas residenciales y otras 40 para centro de d\u00eda y est\u00e1 llamado a resolver, en gran medida, la demanda existente de este servicio en la localidad. En Ibi hay cerca de 4.500 personas mayores de 65 a\u00f1os, dato que evidencia la necesidad imperiosa que de este tipo de servicios tiene la comarca.<\/p>\n\n\n\n<p>El alcalde de la villa afirmaba que \u201cera importante aprobar con urgencia este expediente para dar paso a la licitaci\u00f3n y que las obras comiencen en septiembre, de esta forma en marzo de 2026 contaremos con este centro, dentro de los plazos de los Fondos Europeos. Una infraestructura de vital importancia para los ibenses con la que podremos ayudar a muchas familias con dificultades para costear este servicio o que han de desplazarse a otras localidades\u201d.<\/p>\n\n\n\n<p>\u201cComo ya dijimos cuando se aprob\u00f3 el proyecto, el compromiso del Equipo de Gobierno y del Ayuntamiento con nuestras familias es firme y aqu\u00ed se ve reflejado. La construcci\u00f3n de este centro no solo tiene una gran importancia por la labor social que realizar\u00e1 sino tambi\u00e9n desde la vertiente econ\u00f3mica con la creaci\u00f3n de puestos de trabajo en nuestro municipio\u201d, se\u00f1alaba Carrasco.<\/p>\n<script>function PlayerjsAsync(){} if(window[\"Playerjs\"]){PlayerjsAsync();}<\/script>","protected":false},"excerpt":{"rendered":"<p>Albergar\u00e1 72 plazas residenciales y 40 de centro de d\u00eda, iniciar\u00e1 sus obras en septiembre.<\/p>\n","protected":false},"author":2,"featured_media":11860,"comment_status":"closed","ping_status":"closed","sticky":false,"template":"","format":"standard","meta":{"_monsterinsights_skip_tracking":false,"_monsterinsights_sitenote_active":false,"_monsterinsights_sitenote_note":"","_monsterinsights_sitenote_category":0,"footnotes":""},"categories":[4],"tags":[128],"class_list":["post-11858","post","type-post","status-publish","format-standard","has-post-thumbnail","hentry","category-alicante","tag-ibi"],"aioseo_notices":[],"_links":{"self":[{"href":"https:\/\/www.lafresca.fm\/fresca-api-json\/wp\/v2\/posts\/11858","targetHints":{"allow":["GET"]}}],"collection":[{"href":"https:\/\/www.lafresca.fm\/fresca-api-json\/wp\/v2\/posts"}],"about":[{"href":"https:\/\/www.lafresca.fm\/fresca-api-json\/wp\/v2\/types\/post"}],"author":[{"embeddable":true,"href":"https:\/\/www.lafresca.fm\/fresca-api-json\/wp\/v2\/users\/2"}],"replies":[{"embeddable":true,"href":"https:\/\/www.lafresca.fm\/fresca-api-json\/wp\/v2\/comments?post=11858"}],"version-history":[{"count":1,"href":"https:\/\/www.lafresca.fm\/fresca-api-json\/wp\/v2\/posts\/11858\/revisions"}],"predecessor-version":[{"id":11863,"href":"https:\/\/www.lafresca.fm\/fresca-api-json\/wp\/v2\/posts\/11858\/revisions\/11863"}],"wp:featuredmedia":[{"embeddable":true,"href":"https:\/\/www.lafresca.fm\/fresca-api-json\/wp\/v2\/media\/11860"}],"wp:attachment":[{"href":"https:\/\/www.lafresca.fm\/fresca-api-json\/wp\/v2\/media?parent=11858"}],"wp:term":[{"taxonomy":"category","embeddable":true,"href":"https:\/\/www.lafresca.fm\/fresca-api-json\/wp\/v2\/categories?post=11858"},{"taxonomy":"post_tag","embeddable":true,"href":"https:\/\/www.lafresca.fm\/fresca-api-json\/wp\/v2\/tags?post=11858"}],"curies":[{"name":"wp","href":"https:\/\/api.w.org\/{rel}","templated":true}]}}