{"id":11914,"date":"2024-05-15T16:26:39","date_gmt":"2024-05-15T14:26:39","guid":{"rendered":"https:\/\/www.lafresca.fm\/?p=11914"},"modified":"2024-05-15T16:26:42","modified_gmt":"2024-05-15T14:26:42","slug":"entrevista-al-piloto-de-motos-de-onil-hector-rajadell-fernandez","status":"publish","type":"post","link":"https:\/\/www.lafresca.fm\/entrevista-al-piloto-de-motos-de-onil-hector-rajadell-fernandez\/","title":{"rendered":"Entrevista al piloto de motos de Onil, H\u00e9ctor Rajadell Fern\u00e1ndez"},"content":{"rendered":"\n<p>Entrevista con el piloto de motos colivenc H\u00e9ctor Rajadell Fern\u00e1ndez. El Joven de 13 a\u00f1os nos hace balance de la actual temporada en la categor\u00eda en la que se encuentra (85cc). El pr\u00f3ximo a\u00f1o competir\u00e1 con una moto superior a la que tiene y con una cilindrada de 125cc.<\/p>\n\n\n\n<p>H\u00e9ctor empez\u00f3 con tan solo 3 a\u00f1os en el mundo de las motos, tal y como \u00e9l mismo nos ha relatado. Desde los 9 a\u00f1os lleva compitiendo a nivel profesional, siendo piloto de \u00e9lite en la actualidad.<\/p>\n\n\n\n<figure class=\"wp-block-audio\"><audio controls src=\"https:\/\/www.lafresca.fm\/f-solosog\/2024\/05\/Entevista-Hector-Rajadell-15-5-24.mp3\"><\/audio><\/figure>\n\n\n\n<figure class=\"wp-block-image size-large\"><img fetchpriority=\"high\" decoding=\"async\" width=\"1170\" height=\"878\" src=\"https:\/\/www.lafresca.fm\/f-solosog\/2024\/05\/hector-rajadell-15524-1170x878.jpg\" alt=\"\" class=\"wp-image-11916\" srcset=\"https:\/\/www.lafresca.fm\/f-solosog\/2024\/05\/hector-rajadell-15524-1170x878.jpg 1170w, https:\/\/www.lafresca.fm\/f-solosog\/2024\/05\/hector-rajadell-15524-770x578.jpg 770w, https:\/\/www.lafresca.fm\/f-solosog\/2024\/05\/hector-rajadell-15524-768x576.jpg 768w, https:\/\/www.lafresca.fm\/f-solosog\/2024\/05\/hector-rajadell-15524-1536x1152.jpg 1536w, https:\/\/www.lafresca.fm\/f-solosog\/2024\/05\/hector-rajadell-15524.jpg 2048w\" sizes=\"(max-width: 1170px) 100vw, 1170px\" \/><\/figure>\n<script>function PlayerjsAsync(){} if(window[\"Playerjs\"]){PlayerjsAsync();}<\/script>","protected":false},"excerpt":{"rendered":"<p>Entrevista con el piloto de motos colivenc H\u00e9ctor Rajadell Fern\u00e1ndez. El Joven de 13 a\u00f1os nos hace balance de la actual temporada en la categor\u00eda en la que se encuentra (85cc). El pr\u00f3ximo a\u00f1o competir\u00e1 con una moto superior a la que tiene y con una cilindrada de 125cc. H\u00e9ctor ...<\/p>\n","protected":false},"author":2,"featured_media":11916,"comment_status":"closed","ping_status":"closed","sticky":false,"template":"","format":"standard","meta":{"_monsterinsights_skip_tracking":false,"_monsterinsights_sitenote_active":false,"_monsterinsights_sitenote_note":"","_monsterinsights_sitenote_category":0,"footnotes":""},"categories":[4],"tags":[167,168],"class_list":["post-11914","post","type-post","status-publish","format-standard","has-post-thumbnail","hentry","category-alicante","tag-hector-rajadell","tag-motocross"],"aioseo_notices":[],"_links":{"self":[{"href":"https:\/\/www.lafresca.fm\/fresca-api-json\/wp\/v2\/posts\/11914","targetHints":{"allow":["GET"]}}],"collection":[{"href":"https:\/\/www.lafresca.fm\/fresca-api-json\/wp\/v2\/posts"}],"about":[{"href":"https:\/\/www.lafresca.fm\/fresca-api-json\/wp\/v2\/types\/post"}],"author":[{"embeddable":true,"href":"https:\/\/www.lafresca.fm\/fresca-api-json\/wp\/v2\/users\/2"}],"replies":[{"embeddable":true,"href":"https:\/\/www.lafresca.fm\/fresca-api-json\/wp\/v2\/comments?post=11914"}],"version-history":[{"count":1,"href":"https:\/\/www.lafresca.fm\/fresca-api-json\/wp\/v2\/posts\/11914\/revisions"}],"predecessor-version":[{"id":11917,"href":"https:\/\/www.lafresca.fm\/fresca-api-json\/wp\/v2\/posts\/11914\/revisions\/11917"}],"wp:featuredmedia":[{"embeddable":true,"href":"https:\/\/www.lafresca.fm\/fresca-api-json\/wp\/v2\/media\/11916"}],"wp:attachment":[{"href":"https:\/\/www.lafresca.fm\/fresca-api-json\/wp\/v2\/media?parent=11914"}],"wp:term":[{"taxonomy":"category","embeddable":true,"href":"https:\/\/www.lafresca.fm\/fresca-api-json\/wp\/v2\/categories?post=11914"},{"taxonomy":"post_tag","embeddable":true,"href":"https:\/\/www.lafresca.fm\/fresca-api-json\/wp\/v2\/tags?post=11914"}],"curies":[{"name":"wp","href":"https:\/\/api.w.org\/{rel}","templated":true}]}}