{"id":11934,"date":"2024-05-22T08:54:08","date_gmt":"2024-05-22T06:54:08","guid":{"rendered":"https:\/\/www.lafresca.fm\/?p=11934"},"modified":"2024-05-22T08:54:10","modified_gmt":"2024-05-22T06:54:10","slug":"el-ayuntamiento-de-tibi-se-reune-con-diputados-socialistas-en-les-corts-para-tratar-la-problematica-de-las-plantas-solares","status":"publish","type":"post","link":"https:\/\/www.lafresca.fm\/el-ayuntamiento-de-tibi-se-reune-con-diputados-socialistas-en-les-corts-para-tratar-la-problematica-de-las-plantas-solares\/","title":{"rendered":"El ayuntamiento de Tibi se re\u00fane con diputados socialistas en les Corts para tratar la problem\u00e1tica de las plantas solares"},"content":{"rendered":"\n<p>El Alcalde de Tibi Jose Luis Candela junto con la Concejala de Comunicaci\u00f3n, Pilar Fern\u00e1ndez, han mantenido una reuni\u00f3n de trabajo con Rosario Naval\u00f3n Garc\u00eda y Yaissel S\u00e1nchez Orta, Diputadas del Grupo Socialista en las Cortes Valencianas y Ra\u00fal Ruiz Corchero, Diputado Provincial, para abordar la preocupaci\u00f3n de este municipio con la instalaci\u00f3n de plantas fotovoltaicas en los t\u00e9rminos municipales de Ibi y Castalla, cuya l\u00ednea de evacuaci\u00f3n de alta tensi\u00f3n atravesar\u00eda m\u00e1s de 10km de Tibi con torres de m\u00e1s de 50 metros.<\/p>\n\n\n\n<p>En esta reuni\u00f3n, el alcalde ha puesto en com\u00fan todos los pasos dados hasta la fecha. Una hoja de ruta que siempre ha puesto en valor el excepcional patrimonio natural de Tibi afectado en el proyecto. El alcalde, como ha reiterado en todo momento, ha expresado su firme compromiso de trabajar en conjunto con los representantes provinciales y auton\u00f3micos del PSOE para encontrar soluciones que eviten la instalaci\u00f3n de estas l\u00edneas de alta tensi\u00f3n.<\/p>\n\n\n\n<figure class=\"wp-block-image size-large\"><img fetchpriority=\"high\" decoding=\"async\" width=\"1170\" height=\"878\" src=\"https:\/\/www.lafresca.fm\/f-solosog\/2024\/05\/WhatsApp-Image-2024-05-22-at-07.47.13-1170x878.jpeg\" alt=\"\" class=\"wp-image-11935\" srcset=\"https:\/\/www.lafresca.fm\/f-solosog\/2024\/05\/WhatsApp-Image-2024-05-22-at-07.47.13-1170x878.jpeg 1170w, https:\/\/www.lafresca.fm\/f-solosog\/2024\/05\/WhatsApp-Image-2024-05-22-at-07.47.13-770x578.jpeg 770w, https:\/\/www.lafresca.fm\/f-solosog\/2024\/05\/WhatsApp-Image-2024-05-22-at-07.47.13-768x576.jpeg 768w, https:\/\/www.lafresca.fm\/f-solosog\/2024\/05\/WhatsApp-Image-2024-05-22-at-07.47.13-1536x1152.jpeg 1536w, https:\/\/www.lafresca.fm\/f-solosog\/2024\/05\/WhatsApp-Image-2024-05-22-at-07.47.13.jpeg 1600w\" sizes=\"(max-width: 1170px) 100vw, 1170px\" \/><\/figure>\n\n\n\n<p>Tanto Ra\u00fal Ruiz, diputado provincial, como las diputadas auton\u00f3micas Rosario Naval\u00f3n y Yaissel S\u00e1nchez, han expresado su apoyo a la posici\u00f3n del alcalde frente a estas instalaciones y han asegurado que se van a explorar todas las v\u00edas posibles para proteger el entorno natural de Tibi.<\/p>\n\n\n\n<p>Entre las medidas que se est\u00e1n barajando, se incluye la presentaci\u00f3n en las distintas instituciones de una bater\u00eda de iniciativas para garantizar que la Generalitat, la Diputaci\u00f3n y este Ayuntamiento trabajen conjuntamente por el inter\u00e9s de los tiberos y tiberas e impidan las consecuencias de este proyecto para el municipio. Estas iniciativas buscar\u00e1n alternativas y exigir\u00e1n el cumplimiento de todas las garant\u00edas previstas en la normativa medioambiental auton\u00f3mica para garantizar la preservaci\u00f3n de nuestro entorno natural, un activo invaluable para los habitantes de Tibi y para nuestras futuras generaciones.<\/p>\n\n\n\n<p>El compromiso conjunto de las instituciones locales, provinciales y auton\u00f3micas es firme.<br>Seguiremos trabajando de la mano para garantizar que el desarrollo de energ\u00edas renovables se realice de manera sostenible y respetuosa con nuestro entorno.<\/p>\n<script>function PlayerjsAsync(){} if(window[\"Playerjs\"]){PlayerjsAsync();}<\/script>","protected":false},"excerpt":{"rendered":"<p>El Alcalde de Tibi Jose Luis Candela junto con la Concejala de Comunicaci\u00f3n, Pilar Fern\u00e1ndez, han mantenido una reuni\u00f3n de trabajo con Rosario Naval\u00f3n Garc\u00eda y Yaissel S\u00e1nchez Orta, Diputadas del Grupo Socialista en las Cortes Valencianas y Ra\u00fal Ruiz Corchero, Diputado Provincial, para abordar la preocupaci\u00f3n de este municipio ...<\/p>\n","protected":false},"author":2,"featured_media":11935,"comment_status":"closed","ping_status":"closed","sticky":false,"template":"","format":"standard","meta":{"_monsterinsights_skip_tracking":false,"_monsterinsights_sitenote_active":false,"_monsterinsights_sitenote_note":"","_monsterinsights_sitenote_category":0,"footnotes":""},"categories":[4],"tags":[170],"class_list":["post-11934","post","type-post","status-publish","format-standard","has-post-thumbnail","hentry","category-alicante","tag-tibi"],"aioseo_notices":[],"_links":{"self":[{"href":"https:\/\/www.lafresca.fm\/fresca-api-json\/wp\/v2\/posts\/11934","targetHints":{"allow":["GET"]}}],"collection":[{"href":"https:\/\/www.lafresca.fm\/fresca-api-json\/wp\/v2\/posts"}],"about":[{"href":"https:\/\/www.lafresca.fm\/fresca-api-json\/wp\/v2\/types\/post"}],"author":[{"embeddable":true,"href":"https:\/\/www.lafresca.fm\/fresca-api-json\/wp\/v2\/users\/2"}],"replies":[{"embeddable":true,"href":"https:\/\/www.lafresca.fm\/fresca-api-json\/wp\/v2\/comments?post=11934"}],"version-history":[{"count":1,"href":"https:\/\/www.lafresca.fm\/fresca-api-json\/wp\/v2\/posts\/11934\/revisions"}],"predecessor-version":[{"id":11936,"href":"https:\/\/www.lafresca.fm\/fresca-api-json\/wp\/v2\/posts\/11934\/revisions\/11936"}],"wp:featuredmedia":[{"embeddable":true,"href":"https:\/\/www.lafresca.fm\/fresca-api-json\/wp\/v2\/media\/11935"}],"wp:attachment":[{"href":"https:\/\/www.lafresca.fm\/fresca-api-json\/wp\/v2\/media?parent=11934"}],"wp:term":[{"taxonomy":"category","embeddable":true,"href":"https:\/\/www.lafresca.fm\/fresca-api-json\/wp\/v2\/categories?post=11934"},{"taxonomy":"post_tag","embeddable":true,"href":"https:\/\/www.lafresca.fm\/fresca-api-json\/wp\/v2\/tags?post=11934"}],"curies":[{"name":"wp","href":"https:\/\/api.w.org\/{rel}","templated":true}]}}