{"id":11991,"date":"2024-05-29T18:31:51","date_gmt":"2024-05-29T16:31:51","guid":{"rendered":"https:\/\/www.lafresca.fm\/?p=11991"},"modified":"2024-05-29T18:31:55","modified_gmt":"2024-05-29T16:31:55","slug":"el-ayuntamiento-de-ibi-liquida-deudas-por-valor-de-mas-de-dos-millones-de-euros-para-atender-servicios-esenciales-y-proveedores","status":"publish","type":"post","link":"https:\/\/www.lafresca.fm\/el-ayuntamiento-de-ibi-liquida-deudas-por-valor-de-mas-de-dos-millones-de-euros-para-atender-servicios-esenciales-y-proveedores\/","title":{"rendered":"El Ayuntamiento de Ibi liquida deudas por valor de m\u00e1s de dos millones de euros para atender servicios esenciales y proveedores"},"content":{"rendered":"\n<ul class=\"wp-block-list\">\n<li> La liquidaci\u00f3n de facturas permite atender compromisos vinculados a Servicios Sociales por encima de los 286.000 euros.<\/li>\n<\/ul>\n\n\n\n<ul class=\"wp-block-list\">\n<li>Una parte de la liquidaci\u00f3n refuerza gastos corrientes de servicios p\u00fablicos esenciales.<\/li>\n<\/ul>\n\n\n\n<p>El Ayuntamiento de Ibi, a trav\u00e9s del \u00e1rea econ\u00f3mica, ha realizado en estas \u00faltimas semanas pagos a cerca de 50 proveedores por valor de m\u00e1s de 2 millones de euros, lo que permite cumplir y priorizar el pago en \u00e1reas concretas como la de Servicios Sociales; sufragar gastos corrientes vinculados a servicios p\u00fablicos esenciales y avanzar en la amortizaci\u00f3n de las facturas de diversos gastos acumulados a lo largo de varios meses, como consecuencia de la situaci\u00f3n en la que se encontraba el Ayuntamiento al inicio de esta legislatura.<\/p>\n\n\n\n<p>De la cantidad pagada, 286.000 euros van destinados al \u00e1rea social, que incluye servicios y prestaciones para colectivos con mayores dificultades sociales, personas mayores y de atenci\u00f3n a la familia. Adem\u00e1s, dentro de las facturas que se han liquidado tambi\u00e9n se incluye el pago de gastos corrientes municipales de servicios esenciales como suministro el\u00e9ctrico, recogida de basuras o parques y jardines, as\u00ed como la amortizaci\u00f3n de deudas con proveedores, en algunos casos, procedentes de la anterior legislatura.<\/p>\n\n\n\n<p>El alcalde de Ibi, Sergio Carrasco, ha explicado que \u201ces un paso m\u00e1s hacia la normalizaci\u00f3n en el funcionamiento interno del consistorio y garantizar la atenci\u00f3n de todas las necesidades de nuestro municipio\u201d. El gobierno municipal reitera el compromiso de regularizar la situaci\u00f3n con la aprobaci\u00f3n de los presupuestos municipales, \u201cuna vez que despejemos todos los tr\u00e1mites estancados desde hace a\u00f1os en este Ayuntamiento\u201d y considera que \u201cIbi merece un funcionamiento m\u00e1s racional, m\u00e1s estable y m\u00e1s controlado, cuesti\u00f3n que tenemos marcada como objetivo y que vamos a lograr pese a las dificultades\u201d. El primer edil agradece a todo el personal municipal involucrado en esta \u201ctarea compleja, llena de dificultades, donde todos los trabajadores y trabajadoras han dado lo mejor de s\u00ed en este empe\u00f1o\u201d.<\/p>\n\n\n\n<p>Por su parte, el edil de Hacienda, David Rojas, ha explicado que \u201ccon esta importante cantidad de dinero abonada a los proveedores abrimos un camino de normalizaci\u00f3n\u201d y explica que \u201cuna vez se aprueben las cuentas de los ejercicios de 2022 y 2023, tendremos un horizonte mucho m\u00e1s n\u00edtido\u201d.<\/p>\n<script>function PlayerjsAsync(){} if(window[\"Playerjs\"]){PlayerjsAsync();}<\/script>","protected":false},"excerpt":{"rendered":"<p>La liquidaci\u00f3n de facturas permite atender compromisos vinculados a Servicios Sociales &#8211; laFRESCA<\/p>\n","protected":false},"author":2,"featured_media":11992,"comment_status":"closed","ping_status":"closed","sticky":false,"template":"","format":"standard","meta":{"_monsterinsights_skip_tracking":false,"_monsterinsights_sitenote_active":false,"_monsterinsights_sitenote_note":"","_monsterinsights_sitenote_category":0,"footnotes":""},"categories":[4],"tags":[128],"class_list":["post-11991","post","type-post","status-publish","format-standard","has-post-thumbnail","hentry","category-alicante","tag-ibi"],"aioseo_notices":[],"_links":{"self":[{"href":"https:\/\/www.lafresca.fm\/fresca-api-json\/wp\/v2\/posts\/11991","targetHints":{"allow":["GET"]}}],"collection":[{"href":"https:\/\/www.lafresca.fm\/fresca-api-json\/wp\/v2\/posts"}],"about":[{"href":"https:\/\/www.lafresca.fm\/fresca-api-json\/wp\/v2\/types\/post"}],"author":[{"embeddable":true,"href":"https:\/\/www.lafresca.fm\/fresca-api-json\/wp\/v2\/users\/2"}],"replies":[{"embeddable":true,"href":"https:\/\/www.lafresca.fm\/fresca-api-json\/wp\/v2\/comments?post=11991"}],"version-history":[{"count":1,"href":"https:\/\/www.lafresca.fm\/fresca-api-json\/wp\/v2\/posts\/11991\/revisions"}],"predecessor-version":[{"id":11993,"href":"https:\/\/www.lafresca.fm\/fresca-api-json\/wp\/v2\/posts\/11991\/revisions\/11993"}],"wp:featuredmedia":[{"embeddable":true,"href":"https:\/\/www.lafresca.fm\/fresca-api-json\/wp\/v2\/media\/11992"}],"wp:attachment":[{"href":"https:\/\/www.lafresca.fm\/fresca-api-json\/wp\/v2\/media?parent=11991"}],"wp:term":[{"taxonomy":"category","embeddable":true,"href":"https:\/\/www.lafresca.fm\/fresca-api-json\/wp\/v2\/categories?post=11991"},{"taxonomy":"post_tag","embeddable":true,"href":"https:\/\/www.lafresca.fm\/fresca-api-json\/wp\/v2\/tags?post=11991"}],"curies":[{"name":"wp","href":"https:\/\/api.w.org\/{rel}","templated":true}]}}