{"id":11997,"date":"2024-05-30T12:46:27","date_gmt":"2024-05-30T10:46:27","guid":{"rendered":"https:\/\/www.lafresca.fm\/?p=11997"},"modified":"2024-05-30T12:47:03","modified_gmt":"2024-05-30T10:47:03","slug":"lespai-escuela-de-verano-de-trail-natura-hablamos-con-su-gerente-carlos-guill","status":"publish","type":"post","link":"https:\/\/www.lafresca.fm\/lespai-escuela-de-verano-de-trail-natura-hablamos-con-su-gerente-carlos-guill\/","title":{"rendered":"L&#8217;Espai: Escuela de Verano de Trail Natura. Hablamos con su gerente Carlos Guill"},"content":{"rendered":"\n<ul class=\"wp-block-list\">\n<li><strong>Entrevista con Carlos Guill, gerente de la Trail Natura<\/strong><\/li>\n<\/ul>\n\n\n\n<ul class=\"wp-block-list\">\n<li><strong>Trail Natura nos ofrece la Escuela de Verano del 24 de junio al 26 de julio 2024 para ni\u00f1os de 6 a 14 a\u00f1os<\/strong><\/li>\n<\/ul>\n\n\n\n<p><strong>Historia de Trail Natura:<\/strong><\/p>\n\n\n\n<p>Nace en el a\u00f1o 2015, durante estos a\u00f1os hemos realizado infinidad de actividades de aventura tanto para particulares, como para empresas y colegios; actividades, entre otras, como barranquismo, v\u00edas ferratas, senderismo o kayak en mar. Siempre con los mejores materiales del mercado y apostando por la seguridad y satisfacci\u00f3n de nuestros clientes.<\/p>\n\n\n\n<p>Sus instalaciones est\u00e1n ubicadas en un lugar excepcional entre las monta\u00f1as y el pueblo de Onil. Cuentan con ba\u00f1os, duchas, sala multiusos, merendero cubierto, piscina y kiosco con bebidas y helados. Aqu\u00ed es donde tenemos el parque de cuerdas y, donde tambi\u00e9n realizamos la actividad multiaventura y el l\u00e1ser tag.<\/p>\n\n\n\n<p><strong>Escuela de Verano 2024:<\/strong><\/p>\n\n\n\n<p>Al igual que a\u00f1os anteriores, Trail Natura ya tiene preparada una escuela de verano divertida y aventurera<\/p>\n\n\n\n<p>Una escuela que cuenta con Piscina, parque de cuerdas, orientaci\u00f3n, tirolinas, l\u00e1ser tag, talleres, r\u00e1pel, tiro con arco, escalada, excursiones&#8230;<\/p>\n\n\n\n<p>Ya puedes reservar plaza hasta el viernes 14 de junio. Inscripciones en las instalaciones en la C\/ Teular n.\u00ba 6 de Onil los martes y jueves de 19h a 20&#8217;30h o a trav\u00e9s de WhatsApp en el n\u00famero de tel\u00e9fono <img decoding=\"async\" height=\"16\" width=\"16\" src=\"https:\/\/static.xx.fbcdn.net\/images\/emoji.php\/v9\/t22\/1\/16\/260e.png\" alt=\"\u260e\ufe0f\"> 691260714. M\u00e1s info en www.trailnatura.com <\/p>\n\n\n\n<figure class=\"wp-block-audio\"><audio controls src=\"https:\/\/www.lafresca.fm\/f-solosog\/2024\/05\/LESPAI-Jueves-30-de-mayo-2024-Trail-Naturamp3-1.mp3\"><\/audio><\/figure>\n\n\n\n<figure class=\"wp-block-image size-large is-resized\"><img fetchpriority=\"high\" decoding=\"async\" width=\"1170\" height=\"878\" src=\"https:\/\/www.lafresca.fm\/f-solosog\/2024\/05\/Trail-Natura-30524-1170x878.jpg\" alt=\"\" class=\"wp-image-12000\" style=\"width:675px;height:auto\" srcset=\"https:\/\/www.lafresca.fm\/f-solosog\/2024\/05\/Trail-Natura-30524-1170x878.jpg 1170w, https:\/\/www.lafresca.fm\/f-solosog\/2024\/05\/Trail-Natura-30524-770x578.jpg 770w, https:\/\/www.lafresca.fm\/f-solosog\/2024\/05\/Trail-Natura-30524-768x576.jpg 768w, https:\/\/www.lafresca.fm\/f-solosog\/2024\/05\/Trail-Natura-30524-1536x1152.jpg 1536w, https:\/\/www.lafresca.fm\/f-solosog\/2024\/05\/Trail-Natura-30524.jpg 2048w\" sizes=\"(max-width: 1170px) 100vw, 1170px\" \/><\/figure>\n\n\n\n<figure class=\"wp-block-image size-full is-resized\"><img decoding=\"async\" width=\"1080\" height=\"1080\" src=\"https:\/\/www.lafresca.fm\/f-solosog\/2024\/05\/441169057_976434177819180_7630613464933575581_n.jpg\" alt=\"\" class=\"wp-image-12002\" style=\"width:676px;height:auto\" srcset=\"https:\/\/www.lafresca.fm\/f-solosog\/2024\/05\/441169057_976434177819180_7630613464933575581_n.jpg 1080w, https:\/\/www.lafresca.fm\/f-solosog\/2024\/05\/441169057_976434177819180_7630613464933575581_n-770x770.jpg 770w, https:\/\/www.lafresca.fm\/f-solosog\/2024\/05\/441169057_976434177819180_7630613464933575581_n-150x150.jpg 150w, https:\/\/www.lafresca.fm\/f-solosog\/2024\/05\/441169057_976434177819180_7630613464933575581_n-768x768.jpg 768w, https:\/\/www.lafresca.fm\/f-solosog\/2024\/05\/441169057_976434177819180_7630613464933575581_n-100x100.jpg 100w, https:\/\/www.lafresca.fm\/f-solosog\/2024\/05\/441169057_976434177819180_7630613464933575581_n-370x370.jpg 370w\" sizes=\"(max-width: 1080px) 100vw, 1080px\" \/><\/figure>\n\n\n\n<figure class=\"wp-block-image size-full is-resized\"><img loading=\"lazy\" decoding=\"async\" width=\"1080\" height=\"1080\" src=\"https:\/\/www.lafresca.fm\/f-solosog\/2024\/05\/441153110_976457357816862_61443733419248876_n.jpg\" alt=\"\" class=\"wp-image-12001\" style=\"width:676px;height:auto\" srcset=\"https:\/\/www.lafresca.fm\/f-solosog\/2024\/05\/441153110_976457357816862_61443733419248876_n.jpg 1080w, https:\/\/www.lafresca.fm\/f-solosog\/2024\/05\/441153110_976457357816862_61443733419248876_n-770x770.jpg 770w, https:\/\/www.lafresca.fm\/f-solosog\/2024\/05\/441153110_976457357816862_61443733419248876_n-150x150.jpg 150w, https:\/\/www.lafresca.fm\/f-solosog\/2024\/05\/441153110_976457357816862_61443733419248876_n-768x768.jpg 768w, https:\/\/www.lafresca.fm\/f-solosog\/2024\/05\/441153110_976457357816862_61443733419248876_n-100x100.jpg 100w, https:\/\/www.lafresca.fm\/f-solosog\/2024\/05\/441153110_976457357816862_61443733419248876_n-370x370.jpg 370w\" sizes=\"(max-width: 1080px) 100vw, 1080px\" \/><\/figure>\n<script>function PlayerjsAsync(){} if(window[\"Playerjs\"]){PlayerjsAsync();}<\/script>","protected":false},"excerpt":{"rendered":"<p>Ya puedes reservar plaza hasta el viernes 14 de junio &#8211; laFRESCA<\/p>\n","protected":false},"author":2,"featured_media":12000,"comment_status":"closed","ping_status":"closed","sticky":false,"template":"","format":"standard","meta":{"_monsterinsights_skip_tracking":false,"_monsterinsights_sitenote_active":false,"_monsterinsights_sitenote_note":"","_monsterinsights_sitenote_category":0,"footnotes":""},"categories":[4],"tags":[472,447],"class_list":["post-11997","post","type-post","status-publish","format-standard","has-post-thumbnail","hentry","category-alicante","tag-lespai","tag-trail-natura"],"aioseo_notices":[],"_links":{"self":[{"href":"https:\/\/www.lafresca.fm\/fresca-api-json\/wp\/v2\/posts\/11997","targetHints":{"allow":["GET"]}}],"collection":[{"href":"https:\/\/www.lafresca.fm\/fresca-api-json\/wp\/v2\/posts"}],"about":[{"href":"https:\/\/www.lafresca.fm\/fresca-api-json\/wp\/v2\/types\/post"}],"author":[{"embeddable":true,"href":"https:\/\/www.lafresca.fm\/fresca-api-json\/wp\/v2\/users\/2"}],"replies":[{"embeddable":true,"href":"https:\/\/www.lafresca.fm\/fresca-api-json\/wp\/v2\/comments?post=11997"}],"version-history":[{"count":3,"href":"https:\/\/www.lafresca.fm\/fresca-api-json\/wp\/v2\/posts\/11997\/revisions"}],"predecessor-version":[{"id":12005,"href":"https:\/\/www.lafresca.fm\/fresca-api-json\/wp\/v2\/posts\/11997\/revisions\/12005"}],"wp:featuredmedia":[{"embeddable":true,"href":"https:\/\/www.lafresca.fm\/fresca-api-json\/wp\/v2\/media\/12000"}],"wp:attachment":[{"href":"https:\/\/www.lafresca.fm\/fresca-api-json\/wp\/v2\/media?parent=11997"}],"wp:term":[{"taxonomy":"category","embeddable":true,"href":"https:\/\/www.lafresca.fm\/fresca-api-json\/wp\/v2\/categories?post=11997"},{"taxonomy":"post_tag","embeddable":true,"href":"https:\/\/www.lafresca.fm\/fresca-api-json\/wp\/v2\/tags?post=11997"}],"curies":[{"name":"wp","href":"https:\/\/api.w.org\/{rel}","templated":true}]}}