{"id":12046,"date":"2024-06-06T15:46:22","date_gmt":"2024-06-06T13:46:22","guid":{"rendered":"https:\/\/www.lafresca.fm\/?p=12046"},"modified":"2024-06-06T15:46:28","modified_gmt":"2024-06-06T13:46:28","slug":"lespai-centro-apca-de-onil-16-de-junio-dia-de-la-atencion-temprana","status":"publish","type":"post","link":"https:\/\/www.lafresca.fm\/lespai-centro-apca-de-onil-16-de-junio-dia-de-la-atencion-temprana\/","title":{"rendered":"L\u2019Espai: Centro APCA de Onil. 16 de junio &#8216;D\u00eda de la Atenci\u00f3n Temprana&#8217;"},"content":{"rendered":"\n<p>Hablamos con Andrea y Rebeca, Logopeda y T\u00e9cnico Estimuladora respectivamente del Centro de Atenci\u00f3n Temprana de Onil y que atiende a ni\u00f1os de 0 a 6 a\u00f1os, con discapacidad o riesgo de padecerla.<\/p>\n\n\n\n<p>El domingo 16 de junio se conmemora el <strong>D\u00eda de la Atenci\u00f3n Temprana<\/strong> por sexto a\u00f1o consecutivo. Este d\u00eda tiene car\u00e1cter nacional y se desarrolla tambi\u00e9n a nivel auton\u00f3mico con la participaci\u00f3n de todas las entidades, profesionales o familias que quieran sumarse. Durante ese d\u00eda se llevar\u00e1n a cabo manifiestos para mejorar los centros y servicios de desarrollo infantil y atenci\u00f3n precoz, entre otras necesidades<\/p>\n\n\n\n<figure class=\"wp-block-audio\"><audio controls src=\"https:\/\/www.lafresca.fm\/f-solosog\/2024\/06\/Lespai-apca-6-6-24.mp3\"><\/audio><\/figure>\n\n\n\n<figure class=\"wp-block-image size-large\"><img fetchpriority=\"high\" decoding=\"async\" width=\"1170\" height=\"878\" src=\"https:\/\/www.lafresca.fm\/f-solosog\/2024\/06\/apca-onil-6624-1170x878.jpg\" alt=\"\" class=\"wp-image-12049\" srcset=\"https:\/\/www.lafresca.fm\/f-solosog\/2024\/06\/apca-onil-6624-1170x878.jpg 1170w, https:\/\/www.lafresca.fm\/f-solosog\/2024\/06\/apca-onil-6624-770x578.jpg 770w, https:\/\/www.lafresca.fm\/f-solosog\/2024\/06\/apca-onil-6624-768x576.jpg 768w, https:\/\/www.lafresca.fm\/f-solosog\/2024\/06\/apca-onil-6624-1536x1152.jpg 1536w, https:\/\/www.lafresca.fm\/f-solosog\/2024\/06\/apca-onil-6624.jpg 2048w\" sizes=\"(max-width: 1170px) 100vw, 1170px\" \/><\/figure>\n<script>function PlayerjsAsync(){} if(window[\"Playerjs\"]){PlayerjsAsync();}<\/script>","protected":false},"excerpt":{"rendered":"<p>Hablamos con Andrea y Rebeca, trabajadoras de APCA &#8211; laFRESCA<\/p>\n","protected":false},"author":2,"featured_media":12049,"comment_status":"closed","ping_status":"closed","sticky":false,"template":"","format":"standard","meta":{"_monsterinsights_skip_tracking":false,"_monsterinsights_sitenote_active":false,"_monsterinsights_sitenote_note":"","_monsterinsights_sitenote_category":0,"footnotes":""},"categories":[4],"tags":[433,472,133],"class_list":["post-12046","post","type-post","status-publish","format-standard","has-post-thumbnail","hentry","category-alicante","tag-apca","tag-lespai","tag-onil"],"aioseo_notices":[],"_links":{"self":[{"href":"https:\/\/www.lafresca.fm\/fresca-api-json\/wp\/v2\/posts\/12046","targetHints":{"allow":["GET"]}}],"collection":[{"href":"https:\/\/www.lafresca.fm\/fresca-api-json\/wp\/v2\/posts"}],"about":[{"href":"https:\/\/www.lafresca.fm\/fresca-api-json\/wp\/v2\/types\/post"}],"author":[{"embeddable":true,"href":"https:\/\/www.lafresca.fm\/fresca-api-json\/wp\/v2\/users\/2"}],"replies":[{"embeddable":true,"href":"https:\/\/www.lafresca.fm\/fresca-api-json\/wp\/v2\/comments?post=12046"}],"version-history":[{"count":1,"href":"https:\/\/www.lafresca.fm\/fresca-api-json\/wp\/v2\/posts\/12046\/revisions"}],"predecessor-version":[{"id":12050,"href":"https:\/\/www.lafresca.fm\/fresca-api-json\/wp\/v2\/posts\/12046\/revisions\/12050"}],"wp:featuredmedia":[{"embeddable":true,"href":"https:\/\/www.lafresca.fm\/fresca-api-json\/wp\/v2\/media\/12049"}],"wp:attachment":[{"href":"https:\/\/www.lafresca.fm\/fresca-api-json\/wp\/v2\/media?parent=12046"}],"wp:term":[{"taxonomy":"category","embeddable":true,"href":"https:\/\/www.lafresca.fm\/fresca-api-json\/wp\/v2\/categories?post=12046"},{"taxonomy":"post_tag","embeddable":true,"href":"https:\/\/www.lafresca.fm\/fresca-api-json\/wp\/v2\/tags?post=12046"}],"curies":[{"name":"wp","href":"https:\/\/api.w.org\/{rel}","templated":true}]}}