{"id":12056,"date":"2024-06-07T15:06:07","date_gmt":"2024-06-07T13:06:07","guid":{"rendered":"https:\/\/www.lafresca.fm\/?p=12056"},"modified":"2024-06-07T15:06:09","modified_gmt":"2024-06-07T13:06:09","slug":"el-grupo-ibense-badana-lanza-tiempos-extranos-con-la-colaboracion-de-el-drogas","status":"publish","type":"post","link":"https:\/\/www.lafresca.fm\/el-grupo-ibense-badana-lanza-tiempos-extranos-con-la-colaboracion-de-el-drogas\/","title":{"rendered":"El grupo Ibense BADANA lanza &#8216;Tiempos Extra\u00f1os&#8217; con la colaboraci\u00f3n de EL DROGAS"},"content":{"rendered":"\n<ul class=\"wp-block-list\">\n<li>Badana salt\u00f3 a la fama en 1983 con su primer sencillo.<\/li>\n<\/ul>\n\n\n\n<p> <strong>BADANA<\/strong> \u201cTiempos Extra\u00f1os\u201d (Feat. El Drogas) <\/p>\n\n\n\n<p>Despu\u00e9s del estreno de \u201cTraidor\u201d y de \u201cLuchar\u00e9\u201d, los dos primeros singles de BADANA y extra\u00eddos de su pr\u00f3ximo larga duraci\u00f3n \u201cAl Otro Lado de las Cosas, a Este Lado de la Nada\u201d (The Fish Factory 2024), le toca el turno al tercer single. <\/p>\n\n\n\n<p>\u201c<strong>Tiempos Extra\u00f1os<\/strong>\u201d es el t\u00edtulo de dicho tercer single y cuenta con el lujo de la colaboraci\u00f3n de EL DROGAS, en un magn\u00edfico dueto con Miguel. <\/p>\n\n\n\n<p>Como siempre los textos de BADANA no dan puntada sin hilo: \u201cEn esta fiesta van los de siempre, una y otra vez y se reparten toda la suerte, una y otra vez las mismas caras, la misma gente, una y otra vez \u00a1tal vez sea tarde, cuando despiertes! \u201c Puro BADANA, reserva del 2024!!!<\/p>\n\n\n\n<figure class=\"wp-block-video\"><video height=\"360\" style=\"aspect-ratio: 640 \/ 360;\" width=\"640\" controls src=\"https:\/\/www.lafresca.fm\/f-solosog\/2024\/06\/videoplayback.mp4\"><\/video><\/figure>\n<script>function PlayerjsAsync(){} if(window[\"Playerjs\"]){PlayerjsAsync();}<\/script>","protected":false},"excerpt":{"rendered":"<p>Escucha su nuevo tema &#8211; laFRESCA<\/p>\n","protected":false},"author":2,"featured_media":12058,"comment_status":"closed","ping_status":"closed","sticky":false,"template":"","format":"standard","meta":{"_monsterinsights_skip_tracking":false,"_monsterinsights_sitenote_active":false,"_monsterinsights_sitenote_note":"","_monsterinsights_sitenote_category":0,"footnotes":""},"categories":[4],"tags":[743,744],"class_list":["post-12056","post","type-post","status-publish","format-standard","has-post-thumbnail","hentry","category-alicante","tag-badana","tag-el-drogas"],"aioseo_notices":[],"_links":{"self":[{"href":"https:\/\/www.lafresca.fm\/fresca-api-json\/wp\/v2\/posts\/12056","targetHints":{"allow":["GET"]}}],"collection":[{"href":"https:\/\/www.lafresca.fm\/fresca-api-json\/wp\/v2\/posts"}],"about":[{"href":"https:\/\/www.lafresca.fm\/fresca-api-json\/wp\/v2\/types\/post"}],"author":[{"embeddable":true,"href":"https:\/\/www.lafresca.fm\/fresca-api-json\/wp\/v2\/users\/2"}],"replies":[{"embeddable":true,"href":"https:\/\/www.lafresca.fm\/fresca-api-json\/wp\/v2\/comments?post=12056"}],"version-history":[{"count":1,"href":"https:\/\/www.lafresca.fm\/fresca-api-json\/wp\/v2\/posts\/12056\/revisions"}],"predecessor-version":[{"id":12059,"href":"https:\/\/www.lafresca.fm\/fresca-api-json\/wp\/v2\/posts\/12056\/revisions\/12059"}],"wp:featuredmedia":[{"embeddable":true,"href":"https:\/\/www.lafresca.fm\/fresca-api-json\/wp\/v2\/media\/12058"}],"wp:attachment":[{"href":"https:\/\/www.lafresca.fm\/fresca-api-json\/wp\/v2\/media?parent=12056"}],"wp:term":[{"taxonomy":"category","embeddable":true,"href":"https:\/\/www.lafresca.fm\/fresca-api-json\/wp\/v2\/categories?post=12056"},{"taxonomy":"post_tag","embeddable":true,"href":"https:\/\/www.lafresca.fm\/fresca-api-json\/wp\/v2\/tags?post=12056"}],"curies":[{"name":"wp","href":"https:\/\/api.w.org\/{rel}","templated":true}]}}