{"id":12080,"date":"2024-06-10T11:11:11","date_gmt":"2024-06-10T09:11:11","guid":{"rendered":"https:\/\/www.lafresca.fm\/?p=12080"},"modified":"2024-06-10T11:11:13","modified_gmt":"2024-06-10T09:11:13","slug":"la-judoca-de-castalla-marina-castello-oro-en-el-european-open-de-madrid","status":"publish","type":"post","link":"https:\/\/www.lafresca.fm\/la-judoca-de-castalla-marina-castello-oro-en-el-european-open-de-madrid\/","title":{"rendered":"La Judoca de Castalla, Marina Castell\u00f3, Oro en el European Open de Madrid"},"content":{"rendered":"\n<p>\ud83e\udd47Enhorabuena a la judoca de Castalla, Marina Castell\u00f3, por el Oro, categor\u00eda -52 kg, en el European Open de Madrid celebrado este pasado fin de semana ( 8 y 9 de junio ) en el Pabell\u00f3n Pr\u00edncipe de Asturias de la localidad madrile\u00f1a de Pinto.<\/p>\n\n\n\n<p>La prueba es uno de los \u00faltimos eventos clasificatorios antes de los Juegos Ol\u00edmpicos de Par\u00eds. Se trata de su primer gran \u00e9xito internacional en un torneo de categor\u00eda absoluta.<\/p>\n\n\n\n<p>Sin duda, Marina representa una de las esperanzas del deporte valenciano para los pr\u00f3ximos a\u00f1os.<\/p>\n\n\n\n<figure class=\"wp-block-image size-large\"><img fetchpriority=\"high\" decoding=\"async\" width=\"1170\" height=\"878\" src=\"https:\/\/www.lafresca.fm\/f-solosog\/2024\/06\/447772073_934593272010709_3871087748801276405_n-1170x878.jpg\" alt=\"\" class=\"wp-image-12081\" srcset=\"https:\/\/www.lafresca.fm\/f-solosog\/2024\/06\/447772073_934593272010709_3871087748801276405_n-1170x878.jpg 1170w, https:\/\/www.lafresca.fm\/f-solosog\/2024\/06\/447772073_934593272010709_3871087748801276405_n-770x578.jpg 770w, https:\/\/www.lafresca.fm\/f-solosog\/2024\/06\/447772073_934593272010709_3871087748801276405_n-768x576.jpg 768w, https:\/\/www.lafresca.fm\/f-solosog\/2024\/06\/447772073_934593272010709_3871087748801276405_n-1536x1152.jpg 1536w, https:\/\/www.lafresca.fm\/f-solosog\/2024\/06\/447772073_934593272010709_3871087748801276405_n.jpg 2048w\" sizes=\"(max-width: 1170px) 100vw, 1170px\" \/><\/figure>\n<script>function PlayerjsAsync(){} if(window[\"Playerjs\"]){PlayerjsAsync();}<\/script>","protected":false},"excerpt":{"rendered":"<p>La prueba es uno de los \u00faltimos eventos clasificatorios antes de los Juegos Ol\u00edmpicos de Par\u00eds &#8211; laFRESCA<\/p>\n","protected":false},"author":2,"featured_media":12081,"comment_status":"closed","ping_status":"closed","sticky":false,"template":"","format":"standard","meta":{"_monsterinsights_skip_tracking":false,"_monsterinsights_sitenote_active":false,"_monsterinsights_sitenote_note":"","_monsterinsights_sitenote_category":0,"footnotes":""},"categories":[4],"tags":[390,188],"class_list":["post-12080","post","type-post","status-publish","format-standard","has-post-thumbnail","hentry","category-alicante","tag-judo","tag-marina-castello"],"aioseo_notices":[],"_links":{"self":[{"href":"https:\/\/www.lafresca.fm\/fresca-api-json\/wp\/v2\/posts\/12080","targetHints":{"allow":["GET"]}}],"collection":[{"href":"https:\/\/www.lafresca.fm\/fresca-api-json\/wp\/v2\/posts"}],"about":[{"href":"https:\/\/www.lafresca.fm\/fresca-api-json\/wp\/v2\/types\/post"}],"author":[{"embeddable":true,"href":"https:\/\/www.lafresca.fm\/fresca-api-json\/wp\/v2\/users\/2"}],"replies":[{"embeddable":true,"href":"https:\/\/www.lafresca.fm\/fresca-api-json\/wp\/v2\/comments?post=12080"}],"version-history":[{"count":1,"href":"https:\/\/www.lafresca.fm\/fresca-api-json\/wp\/v2\/posts\/12080\/revisions"}],"predecessor-version":[{"id":12082,"href":"https:\/\/www.lafresca.fm\/fresca-api-json\/wp\/v2\/posts\/12080\/revisions\/12082"}],"wp:featuredmedia":[{"embeddable":true,"href":"https:\/\/www.lafresca.fm\/fresca-api-json\/wp\/v2\/media\/12081"}],"wp:attachment":[{"href":"https:\/\/www.lafresca.fm\/fresca-api-json\/wp\/v2\/media?parent=12080"}],"wp:term":[{"taxonomy":"category","embeddable":true,"href":"https:\/\/www.lafresca.fm\/fresca-api-json\/wp\/v2\/categories?post=12080"},{"taxonomy":"post_tag","embeddable":true,"href":"https:\/\/www.lafresca.fm\/fresca-api-json\/wp\/v2\/tags?post=12080"}],"curies":[{"name":"wp","href":"https:\/\/api.w.org\/{rel}","templated":true}]}}