{"id":12129,"date":"2024-06-18T14:39:33","date_gmt":"2024-06-18T12:39:33","guid":{"rendered":"https:\/\/www.lafresca.fm\/?p=12129"},"modified":"2024-06-18T14:39:36","modified_gmt":"2024-06-18T12:39:36","slug":"ibi-organiza-para-este-sabado-22-de-junio-una-noche-de-cena-y-baile-para-las-personas-mayores-en-la-glorieta-de-espana","status":"publish","type":"post","link":"https:\/\/www.lafresca.fm\/ibi-organiza-para-este-sabado-22-de-junio-una-noche-de-cena-y-baile-para-las-personas-mayores-en-la-glorieta-de-espana\/","title":{"rendered":"Ibi organiza para este s\u00e1bado 22 de junio una noche de cena y baile para las personas mayores en la Glorieta de Espa\u00f1a"},"content":{"rendered":"\n<p>Las personas mayores en Ibi tienen planazo, y es que el s\u00e1bado 22 de junio, en la Glorieta de Espa\u00f1a, se celebra la tradicional Cena y Baile de las Personas Mayores, organizada por la concejal\u00eda de Servicios Sociales, Igualdad y Personas Mayores del Ayuntamiento de Ibi.<\/p>\n\n\n\n<p>A las 20:30 horas se realizar\u00e1 la cena y, a continuaci\u00f3n, el baile. Para las personas que deseen asistir es imprescindible recoger anticipadamente el ticket de 2 euros en CEA (Centro de Envejecimiento Activo\/Hogar del Pensionista), situado en avda Juan Carlos I, 29, en horario de 10:30 h a 12:00 h; tambi\u00e9n pueden recogerse en la UDP (Asociaci\u00f3n de Pensionistas y Jubilados), situada en el Centre Social Carme Garrig\u00f3s, de 9:00 h a 13:00 h o en la concejal\u00eda de Servicios Sociales, ubicada en el Centre Social Carme Garrig\u00f3s, los martes, mi\u00e9rcoles y jueves, de 10:00 h a 13:00 h.<\/p>\n\n\n\n<p>La teniente de alcalde del \u00e1rea, Montse Agull\u00f3, explica que \u201cqueremos ir retomando actividades orientadas al p\u00fablico m\u00e1s mayor. Esta es una de ellas, es una cena muy tradicional en la programaci\u00f3n de las personas mayores y un d\u00eda de celebraci\u00f3n para ellas, que tantas cosas buenas se merecen y hacia las que queremos dirigir tambi\u00e9n nuestros esfuerzos por apoyarles y fomentar un estilo de vida saludable, social y activo\u201d.<\/p>\n\n\n\n<figure class=\"wp-block-image size-large\"><img fetchpriority=\"high\" decoding=\"async\" width=\"827\" height=\"1170\" src=\"https:\/\/www.lafresca.fm\/f-solosog\/2024\/06\/cena-baile-personas-mayores-2024-827x1170.jpg\" alt=\"\" class=\"wp-image-12131\" srcset=\"https:\/\/www.lafresca.fm\/f-solosog\/2024\/06\/cena-baile-personas-mayores-2024-827x1170.jpg 827w, https:\/\/www.lafresca.fm\/f-solosog\/2024\/06\/cena-baile-personas-mayores-2024-544x770.jpg 544w, https:\/\/www.lafresca.fm\/f-solosog\/2024\/06\/cena-baile-personas-mayores-2024-768x1086.jpg 768w, https:\/\/www.lafresca.fm\/f-solosog\/2024\/06\/cena-baile-personas-mayores-2024-1086x1536.jpg 1086w, https:\/\/www.lafresca.fm\/f-solosog\/2024\/06\/cena-baile-personas-mayores-2024-1448x2048.jpg 1448w, https:\/\/www.lafresca.fm\/f-solosog\/2024\/06\/cena-baile-personas-mayores-2024-scaled.jpg 1810w\" sizes=\"(max-width: 827px) 100vw, 827px\" \/><\/figure>\n<script>function PlayerjsAsync(){} if(window[\"Playerjs\"]){PlayerjsAsync();}<\/script>","protected":false},"excerpt":{"rendered":"<p>La cena tiene un coste de 2\u20ac previa recogida de ticket &#8211; laFRESCA<\/p>\n","protected":false},"author":2,"featured_media":12130,"comment_status":"closed","ping_status":"closed","sticky":false,"template":"","format":"standard","meta":{"_monsterinsights_skip_tracking":false,"_monsterinsights_sitenote_active":false,"_monsterinsights_sitenote_note":"","_monsterinsights_sitenote_category":0,"footnotes":""},"categories":[4],"tags":[128],"class_list":["post-12129","post","type-post","status-publish","format-standard","has-post-thumbnail","hentry","category-alicante","tag-ibi"],"aioseo_notices":[],"_links":{"self":[{"href":"https:\/\/www.lafresca.fm\/fresca-api-json\/wp\/v2\/posts\/12129","targetHints":{"allow":["GET"]}}],"collection":[{"href":"https:\/\/www.lafresca.fm\/fresca-api-json\/wp\/v2\/posts"}],"about":[{"href":"https:\/\/www.lafresca.fm\/fresca-api-json\/wp\/v2\/types\/post"}],"author":[{"embeddable":true,"href":"https:\/\/www.lafresca.fm\/fresca-api-json\/wp\/v2\/users\/2"}],"replies":[{"embeddable":true,"href":"https:\/\/www.lafresca.fm\/fresca-api-json\/wp\/v2\/comments?post=12129"}],"version-history":[{"count":1,"href":"https:\/\/www.lafresca.fm\/fresca-api-json\/wp\/v2\/posts\/12129\/revisions"}],"predecessor-version":[{"id":12132,"href":"https:\/\/www.lafresca.fm\/fresca-api-json\/wp\/v2\/posts\/12129\/revisions\/12132"}],"wp:featuredmedia":[{"embeddable":true,"href":"https:\/\/www.lafresca.fm\/fresca-api-json\/wp\/v2\/media\/12130"}],"wp:attachment":[{"href":"https:\/\/www.lafresca.fm\/fresca-api-json\/wp\/v2\/media?parent=12129"}],"wp:term":[{"taxonomy":"category","embeddable":true,"href":"https:\/\/www.lafresca.fm\/fresca-api-json\/wp\/v2\/categories?post=12129"},{"taxonomy":"post_tag","embeddable":true,"href":"https:\/\/www.lafresca.fm\/fresca-api-json\/wp\/v2\/tags?post=12129"}],"curies":[{"name":"wp","href":"https:\/\/api.w.org\/{rel}","templated":true}]}}