{"id":12165,"date":"2024-06-27T09:28:44","date_gmt":"2024-06-27T07:28:44","guid":{"rendered":"https:\/\/www.lafresca.fm\/?p=12165"},"modified":"2024-06-27T09:28:47","modified_gmt":"2024-06-27T07:28:47","slug":"asi-es-el-boceto-de-la-falla-de-sant-jaume-de-onil-que-se-celebra-del-25-al-28-de-julio","status":"publish","type":"post","link":"https:\/\/www.lafresca.fm\/asi-es-el-boceto-de-la-falla-de-sant-jaume-de-onil-que-se-celebra-del-25-al-28-de-julio\/","title":{"rendered":"As\u00ed es el boceto de la Falla de Sant Jaume de Onil que se celebra del 25 al 28 de julio"},"content":{"rendered":"\n<p>As\u00ed es el boceto de la Falla de Sant Jaume de Onil 2024, bajo el t\u00edtulo, \ud835\uddd8\ud835\uddf9 \u00da\ud835\uddf9\ud835\ude01\ud835\uddf6\ud835\uddfa\ud835\uddfc \ud835\udde7\ud835\uddee\ud835\uddfb\ud835\uddf4\ud835\uddfc \ud835\uddf2\ud835\uddfb \ud835\udde3\ud835\uddee\ud835\uddff\u00ed\ud835\ude00<img decoding=\"async\" height=\"16\" width=\"16\" alt=\"\ud83d\uddfc\" src=\"https:\/\/static.xx.fbcdn.net\/images\/emoji.php\/v9\/tca\/1\/16\/1f5fc.png\"><img decoding=\"async\" height=\"16\" width=\"16\" alt=\"\ud83c\udfc5\" src=\"https:\/\/static.xx.fbcdn.net\/images\/emoji.php\/v9\/t3d\/1\/16\/1f3c5.png\"><img decoding=\"async\" height=\"16\" width=\"16\" alt=\"\ud83c\udfc6\" src=\"https:\/\/static.xx.fbcdn.net\/images\/emoji.php\/v9\/tbe\/1\/16\/1f3c6.png\"> Seg\u00fan sus artistas, <a href=\"https:\/\/www.facebook.com\/artdefoc?__cft__[0]=AZUrnyQbIuIE1BWqDjrCbYDKHAgKJ7_qd5zWXI-WafvySAHSn9Yb6p4OvsPv0B7zLbIlmsMffD6BRAj_lZAW8A1KDQjGzgp30n5rDA1-2pJlCrGXlwsrmFBr46KTkS5rIha9NpCg_xb0Hl48oDDzxw_DrS9cEkvzoI5W8Sx9pwhDMJXp6eVaTeEPhE6wVqDc8Rj_FFwcPFNasVKVMnlYrt0A&amp;__tn__=-]K-R\">Artdefoc<\/a> , es un homenaje a Par\u00eds y a las Olimpiadas que se celebrar\u00e1n en esa ciudad desde el pr\u00f3ximo 26 de julio y hasta el 11 de agosto del 2024.<\/p>\n\n\n\n<p>La falla de Sant Jaume se celebrar\u00e1 este a\u00f1o del 25 al 28 de julio.<\/p>\n\n\n\n<figure class=\"wp-block-image size-full\"><img loading=\"lazy\" decoding=\"async\" width=\"750\" height=\"1061\" src=\"https:\/\/www.lafresca.fm\/f-solosog\/2024\/06\/449260443_771159428563333_3825853605586712459_n.jpg\" alt=\"\" class=\"wp-image-12166\" srcset=\"https:\/\/www.lafresca.fm\/f-solosog\/2024\/06\/449260443_771159428563333_3825853605586712459_n.jpg 750w, https:\/\/www.lafresca.fm\/f-solosog\/2024\/06\/449260443_771159428563333_3825853605586712459_n-544x770.jpg 544w\" sizes=\"(max-width: 750px) 100vw, 750px\" \/><\/figure>\n<script>function PlayerjsAsync(){} if(window[\"Playerjs\"]){PlayerjsAsync();}<\/script>","protected":false},"excerpt":{"rendered":"<p>As\u00ed es el boceto de la Falla de Sant Jaume de Onil 2024, bajo el t\u00edtulo, \ud835\uddd8\ud835\uddf9 \u00da\ud835\uddf9\ud835\ude01\ud835\uddf6\ud835\uddfa\ud835\uddfc \ud835\udde7\ud835\uddee\ud835\uddfb\ud835\uddf4\ud835\uddfc \ud835\uddf2\ud835\uddfb \ud835\udde3\ud835\uddee\ud835\uddff\u00ed\ud835\ude00 Seg\u00fan sus artistas, Artdefoc , es un homenaje a Par\u00eds y a las Olimpiadas que se celebrar\u00e1n en esa ciudad desde el pr\u00f3ximo 26 de julio y hasta el ...<\/p>\n","protected":false},"author":2,"featured_media":12166,"comment_status":"closed","ping_status":"closed","sticky":false,"template":"","format":"standard","meta":{"_monsterinsights_skip_tracking":false,"_monsterinsights_sitenote_active":false,"_monsterinsights_sitenote_note":"","_monsterinsights_sitenote_category":0,"footnotes":""},"categories":[4],"tags":[448],"class_list":["post-12165","post","type-post","status-publish","format-standard","has-post-thumbnail","hentry","category-alicante","tag-falla-sant-jaume"],"aioseo_notices":[],"_links":{"self":[{"href":"https:\/\/www.lafresca.fm\/fresca-api-json\/wp\/v2\/posts\/12165","targetHints":{"allow":["GET"]}}],"collection":[{"href":"https:\/\/www.lafresca.fm\/fresca-api-json\/wp\/v2\/posts"}],"about":[{"href":"https:\/\/www.lafresca.fm\/fresca-api-json\/wp\/v2\/types\/post"}],"author":[{"embeddable":true,"href":"https:\/\/www.lafresca.fm\/fresca-api-json\/wp\/v2\/users\/2"}],"replies":[{"embeddable":true,"href":"https:\/\/www.lafresca.fm\/fresca-api-json\/wp\/v2\/comments?post=12165"}],"version-history":[{"count":1,"href":"https:\/\/www.lafresca.fm\/fresca-api-json\/wp\/v2\/posts\/12165\/revisions"}],"predecessor-version":[{"id":12167,"href":"https:\/\/www.lafresca.fm\/fresca-api-json\/wp\/v2\/posts\/12165\/revisions\/12167"}],"wp:featuredmedia":[{"embeddable":true,"href":"https:\/\/www.lafresca.fm\/fresca-api-json\/wp\/v2\/media\/12166"}],"wp:attachment":[{"href":"https:\/\/www.lafresca.fm\/fresca-api-json\/wp\/v2\/media?parent=12165"}],"wp:term":[{"taxonomy":"category","embeddable":true,"href":"https:\/\/www.lafresca.fm\/fresca-api-json\/wp\/v2\/categories?post=12165"},{"taxonomy":"post_tag","embeddable":true,"href":"https:\/\/www.lafresca.fm\/fresca-api-json\/wp\/v2\/tags?post=12165"}],"curies":[{"name":"wp","href":"https:\/\/api.w.org\/{rel}","templated":true}]}}