{"id":12201,"date":"2024-07-01T08:48:05","date_gmt":"2024-07-01T06:48:05","guid":{"rendered":"https:\/\/www.lafresca.fm\/?p=12201"},"modified":"2024-07-01T08:48:08","modified_gmt":"2024-07-01T06:48:08","slug":"el-colivenc-jorge-urena-se-proclama-campeon-de-espana-de-decatlon","status":"publish","type":"post","link":"https:\/\/www.lafresca.fm\/el-colivenc-jorge-urena-se-proclama-campeon-de-espana-de-decatlon\/","title":{"rendered":"El colivenc, Jorge Ure\u00f1a, se proclama campe\u00f3n de Espa\u00f1a de Decatl\u00f3n"},"content":{"rendered":"\n<p>\u00a1Tre &#8211; Men &#8211; Do!&nbsp;<img decoding=\"async\" height=\"16\" width=\"16\" alt=\"\ud83e\udd47\" src=\"https:\/\/static.xx.fbcdn.net\/images\/emoji.php\/v9\/t94\/1\/16\/1f947.png\"><img decoding=\"async\" height=\"16\" width=\"16\" alt=\"\ud83c\uddea\ud83c\udde6\" src=\"https:\/\/static.xx.fbcdn.net\/images\/emoji.php\/v9\/t93\/1\/16\/1f1ea_1f1e6.png\">&nbsp;Jorge Ure\u00f1a, campe\u00f3n de Espa\u00f1a de decatl\u00f3n. El Colivenc ha dejado todo en el estadio de la Ciudad Deportiva Camilo Cano de La Nuc\u00eda para lograr la m\u00ednima ol\u00edmpica (8.150 puntos). Ha ganado el decatl\u00f3n, pero, de momento, se ha quedado sin m\u00ednima ol\u00edmpica (8.102).<\/p>\n\n\n\n<p>Ure\u00f1a, de 30 a\u00f1os, es la referencia espa\u00f1ola de las combinadas desde hace m\u00e1s de una d\u00e9cada, no en vano posee la tercera mejor marca espa\u00f1ola de todos los tiempos con 8.381 puntos el pasado a\u00f1o.<\/p>\n\n\n\n<p>Ojal\u00e1 tenga la opci\u00f3n de viajar a Par\u00eds<\/p>\n\n\n\n<figure class=\"wp-block-image size-large\"><img fetchpriority=\"high\" decoding=\"async\" width=\"800\" height=\"1170\" src=\"https:\/\/www.lafresca.fm\/f-solosog\/2024\/07\/449464142_774121354933807_192006962602855307_n-800x1170.jpg\" alt=\"\" class=\"wp-image-12202\" srcset=\"https:\/\/www.lafresca.fm\/f-solosog\/2024\/07\/449464142_774121354933807_192006962602855307_n-800x1170.jpg 800w, https:\/\/www.lafresca.fm\/f-solosog\/2024\/07\/449464142_774121354933807_192006962602855307_n-527x770.jpg 527w, https:\/\/www.lafresca.fm\/f-solosog\/2024\/07\/449464142_774121354933807_192006962602855307_n-768x1123.jpg 768w, https:\/\/www.lafresca.fm\/f-solosog\/2024\/07\/449464142_774121354933807_192006962602855307_n-1051x1536.jpg 1051w, https:\/\/www.lafresca.fm\/f-solosog\/2024\/07\/449464142_774121354933807_192006962602855307_n.jpg 1080w\" sizes=\"(max-width: 800px) 100vw, 800px\" \/><\/figure>\n<script>function PlayerjsAsync(){} if(window[\"Playerjs\"]){PlayerjsAsync();}<\/script>","protected":false},"excerpt":{"rendered":"<p>\u00a1Tre &#8211; Men &#8211; Do!&nbsp;&nbsp;Jorge Ure\u00f1a, campe\u00f3n de Espa\u00f1a de decatl\u00f3n. El Colivenc ha dejado todo en el estadio de la Ciudad Deportiva Camilo Cano de La Nuc\u00eda para lograr la m\u00ednima ol\u00edmpica (8.150 puntos). Ha ganado el decatl\u00f3n, pero, de momento, se ha quedado sin m\u00ednima ol\u00edmpica (8.102). Ure\u00f1a, ...<\/p>\n","protected":false},"author":2,"featured_media":12202,"comment_status":"closed","ping_status":"closed","sticky":false,"template":"","format":"standard","meta":{"_monsterinsights_skip_tracking":false,"_monsterinsights_sitenote_active":false,"_monsterinsights_sitenote_note":"","_monsterinsights_sitenote_category":0,"footnotes":""},"categories":[4],"tags":[459,133],"class_list":["post-12201","post","type-post","status-publish","format-standard","has-post-thumbnail","hentry","category-alicante","tag-jorge-urena","tag-onil"],"aioseo_notices":[],"_links":{"self":[{"href":"https:\/\/www.lafresca.fm\/fresca-api-json\/wp\/v2\/posts\/12201","targetHints":{"allow":["GET"]}}],"collection":[{"href":"https:\/\/www.lafresca.fm\/fresca-api-json\/wp\/v2\/posts"}],"about":[{"href":"https:\/\/www.lafresca.fm\/fresca-api-json\/wp\/v2\/types\/post"}],"author":[{"embeddable":true,"href":"https:\/\/www.lafresca.fm\/fresca-api-json\/wp\/v2\/users\/2"}],"replies":[{"embeddable":true,"href":"https:\/\/www.lafresca.fm\/fresca-api-json\/wp\/v2\/comments?post=12201"}],"version-history":[{"count":1,"href":"https:\/\/www.lafresca.fm\/fresca-api-json\/wp\/v2\/posts\/12201\/revisions"}],"predecessor-version":[{"id":12203,"href":"https:\/\/www.lafresca.fm\/fresca-api-json\/wp\/v2\/posts\/12201\/revisions\/12203"}],"wp:featuredmedia":[{"embeddable":true,"href":"https:\/\/www.lafresca.fm\/fresca-api-json\/wp\/v2\/media\/12202"}],"wp:attachment":[{"href":"https:\/\/www.lafresca.fm\/fresca-api-json\/wp\/v2\/media?parent=12201"}],"wp:term":[{"taxonomy":"category","embeddable":true,"href":"https:\/\/www.lafresca.fm\/fresca-api-json\/wp\/v2\/categories?post=12201"},{"taxonomy":"post_tag","embeddable":true,"href":"https:\/\/www.lafresca.fm\/fresca-api-json\/wp\/v2\/tags?post=12201"}],"curies":[{"name":"wp","href":"https:\/\/api.w.org\/{rel}","templated":true}]}}