{"id":12207,"date":"2024-07-01T15:13:00","date_gmt":"2024-07-01T13:13:00","guid":{"rendered":"https:\/\/www.lafresca.fm\/?p=12207"},"modified":"2024-07-01T15:13:03","modified_gmt":"2024-07-01T13:13:03","slug":"obituario-muere-antonio-berbegal-navarro-fundador-y-presidente-de-la-empresa-ibense-injusa","status":"publish","type":"post","link":"https:\/\/www.lafresca.fm\/obituario-muere-antonio-berbegal-navarro-fundador-y-presidente-de-la-empresa-ibense-injusa\/","title":{"rendered":"Obituario | Muere Antonio Berbegal Navarro, fundador y presidente de la empresa ibense INJUSA"},"content":{"rendered":"\n<p>La empresa <strong>INJUSA<\/strong> ha informado del fallecimiento del fundador y actual presidente de la empresa, <strong>Antonio Berbegal Navarro <\/strong>a los 88 a\u00f1os de edad en el d\u00eda de hoy, 1 de julio de 2024. Antonio fund\u00f3 la empresa ibense <strong>INJUSA<\/strong> en el a\u00f1o 1947. <\/p>\n\n\n\n<p>La empresa ha querido comunicar el fallecimiento de Don Antonio Luis Berbegal Navarro: &#8220;<em>Con profundo pesar, les informamos del fallecimiento de nuestro querido presidente, Don Antonio Luis Berbegal Navarro, quien nos ha dejado hoy 1 de julio del 2024 a los 88 a\u00f1os de edad.<\/em>&#8220;<\/p>\n\n\n\n<p>&#8220;<em>Don Antonio Luis ha sido una figura clave en el crecimiento y desarrollo de nuestra compa\u00f1\u00eda. Su visi\u00f3n, liderazgo y dedicaci\u00f3n han sido pilares fundamentales en la construcci\u00f3n de la organizaci\u00f3n que hoy conocemos, siempre mostrando una profunda humanidad y un compromiso inquebrantable con todos los miembros del equipo. Su influencia se siente en cada rinc\u00f3n de nuestra empresa y en el coraz\u00f3n de todos aquellos que tuvimos el privilegio de conocerlo.<\/em>&#8220;<\/p>\n\n\n\n<p>&#8220;<em>Su legado perdurar\u00e1 no solo en los \u00e9xitos y logros, sino tambi\u00e9n en los valores, principios y talante que nos ha ense\u00f1ado durante tantos a\u00f1os.<\/em>&#8220;<\/p>\n\n\n\n<p>&#8220;<em>En estos momentos de tristeza, queremos extender nuestras m\u00e1s sinceras condolencias a la familia, un\u00e1monos en pensamiento y apoyo hacia ellos en este dif\u00edcil momento. D.E.P.<\/em>&#8220;<\/p>\n\n\n\n<p>*En la imagen Don Antonio Luis Berbegal Navarro (derecha) junto con su hijo y actual director general, Luis Berbegal Pina, durante la celebraci\u00f3n del 70 aniversario de la compa\u00f1\u00eda en 2017.<\/p>\n\n\n\n<figure class=\"wp-block-image size-large\"><img fetchpriority=\"high\" decoding=\"async\" width=\"1170\" height=\"781\" src=\"https:\/\/www.lafresca.fm\/f-solosog\/2024\/07\/ber-1170x781.jpg\" alt=\"\" class=\"wp-image-12208\" srcset=\"https:\/\/www.lafresca.fm\/f-solosog\/2024\/07\/ber-1170x781.jpg 1170w, https:\/\/www.lafresca.fm\/f-solosog\/2024\/07\/ber-770x514.jpg 770w, https:\/\/www.lafresca.fm\/f-solosog\/2024\/07\/ber-768x513.jpg 768w, https:\/\/www.lafresca.fm\/f-solosog\/2024\/07\/ber-1536x1025.jpg 1536w, https:\/\/www.lafresca.fm\/f-solosog\/2024\/07\/ber.jpg 2048w\" sizes=\"(max-width: 1170px) 100vw, 1170px\" \/><\/figure>\n<script>function PlayerjsAsync(){} if(window[\"Playerjs\"]){PlayerjsAsync();}<\/script>","protected":false},"excerpt":{"rendered":"<p>El actual presidente de la empresa ha fallecido a los 88 a\u00f1os de edad &#8211; laFRESCA<\/p>\n","protected":false},"author":2,"featured_media":12208,"comment_status":"closed","ping_status":"closed","sticky":false,"template":"","format":"standard","meta":{"_monsterinsights_skip_tracking":false,"_monsterinsights_sitenote_active":false,"_monsterinsights_sitenote_note":"","_monsterinsights_sitenote_category":0,"footnotes":""},"categories":[4],"tags":[],"class_list":["post-12207","post","type-post","status-publish","format-standard","has-post-thumbnail","hentry","category-alicante"],"aioseo_notices":[],"_links":{"self":[{"href":"https:\/\/www.lafresca.fm\/fresca-api-json\/wp\/v2\/posts\/12207","targetHints":{"allow":["GET"]}}],"collection":[{"href":"https:\/\/www.lafresca.fm\/fresca-api-json\/wp\/v2\/posts"}],"about":[{"href":"https:\/\/www.lafresca.fm\/fresca-api-json\/wp\/v2\/types\/post"}],"author":[{"embeddable":true,"href":"https:\/\/www.lafresca.fm\/fresca-api-json\/wp\/v2\/users\/2"}],"replies":[{"embeddable":true,"href":"https:\/\/www.lafresca.fm\/fresca-api-json\/wp\/v2\/comments?post=12207"}],"version-history":[{"count":1,"href":"https:\/\/www.lafresca.fm\/fresca-api-json\/wp\/v2\/posts\/12207\/revisions"}],"predecessor-version":[{"id":12209,"href":"https:\/\/www.lafresca.fm\/fresca-api-json\/wp\/v2\/posts\/12207\/revisions\/12209"}],"wp:featuredmedia":[{"embeddable":true,"href":"https:\/\/www.lafresca.fm\/fresca-api-json\/wp\/v2\/media\/12208"}],"wp:attachment":[{"href":"https:\/\/www.lafresca.fm\/fresca-api-json\/wp\/v2\/media?parent=12207"}],"wp:term":[{"taxonomy":"category","embeddable":true,"href":"https:\/\/www.lafresca.fm\/fresca-api-json\/wp\/v2\/categories?post=12207"},{"taxonomy":"post_tag","embeddable":true,"href":"https:\/\/www.lafresca.fm\/fresca-api-json\/wp\/v2\/tags?post=12207"}],"curies":[{"name":"wp","href":"https:\/\/api.w.org\/{rel}","templated":true}]}}