{"id":12221,"date":"2024-07-04T08:40:17","date_gmt":"2024-07-04T06:40:17","guid":{"rendered":"https:\/\/www.lafresca.fm\/?p=12221"},"modified":"2024-07-04T08:40:20","modified_gmt":"2024-07-04T06:40:20","slug":"jorge-urena-si-que-estara-en-los-juegos-olimpicos-de-paris-2024","status":"publish","type":"post","link":"https:\/\/www.lafresca.fm\/jorge-urena-si-que-estara-en-los-juegos-olimpicos-de-paris-2024\/","title":{"rendered":"Jorge Ure\u00f1a s\u00ed que estar\u00e1 en los Juegos Ol\u00edmpicos de Paris 2024"},"content":{"rendered":"\n<p>Jorge Ure\u00f1a s\u00ed que estar\u00e1 en los Juegos Ol\u00edmpicos de Paris 2024 <\/p>\n\n\n\n<p>\u00c9sta es una de las principales noticias que ha dejado la comparecencia ofrecida hoy por el seleccionador nacional, Pepe Peir\u00f3, y en la que se ha anunciado la delegaci\u00f3n que, en apenas un mes, representar\u00e1 al atletismo espa\u00f1ol en los Juegos Ol\u00edmpicos de Par\u00eds.<\/p>\n\n\n\n<p><strong>La inclusi\u00f3n de Ure\u00f1a en la lista de elegidos se hab\u00eda convertido en una especie de reivindicaci\u00f3n popular<\/strong>, de petici\u00f3n generalizada.&nbsp;<strong>Sobre todo, desde el pasado s\u00e1bado, jornada en la que concluy\u00f3 el decatl\u00f3n del Nacional al aire libre y en la que se qued\u00f3 a las puertas de la m\u00ednima exigida por la Federaci\u00f3n Espa\u00f1ola<\/strong>. El&nbsp;<em>\u2018combinero\u2019<\/em>&nbsp;alicantino (Onil, cumplir\u00e1 31 a\u00f1os en octubre) deb\u00eda sumar 8.150 puntos para erradicar cualquier debate. Acumul\u00f3 8.102 puntos. Aunque v\u00eda ranking internacional estaba entre los 24 mejores del mundo (24 es el n\u00famero de atletas que disputar\u00e1n el decatl\u00f3n en los Juegos de Par\u00eds),&nbsp;<strong>el deportista FER ten\u00eda que esperar a una suerte de excepcionalidad por parte de la Federaci\u00f3n Espa\u00f1ola. La medida de gracia ha llegado<\/strong>. Tras Tokio, Ure\u00f1a disputar\u00e1 en la capital francesa sus segundos Juegos.&nbsp;<\/p>\n\n\n\n<p>Para Jorge Ure\u00f1a, los \u00faltimos 15 d\u00edas se han convertido en una monta\u00f1a rusa de emociones.&nbsp;<strong>El jueves 20 de junio, viaj\u00f3 a Ratingen, Alemania<\/strong>,&nbsp;<strong>con el objetivo y la convicci\u00f3n de firmar una brillante combinada y certificar su presencia en Par\u00eds 2024.<\/strong>&nbsp;Nada m\u00e1s lejos de la realidad. Un resfriado en las jornadas previas le impidi\u00f3 estar en plenitud de condiciones. Conclusi\u00f3n,&nbsp;<strong>abandon\u00f3 antes de empezar la cuarta prueba.<\/strong>&nbsp;En gran medida, la decisi\u00f3n de retirarse se deb\u00eda a la inminencia de una segunda y \u00faltima oportunidad.&nbsp;<strong>A la vuelta de la esquina, s\u00f3lo una semana despu\u00e9s, aparec\u00eda en el calendario el Campeonato de Espa\u00f1a, en La Nuc\u00eda.<\/strong>&nbsp;Pese al previsible calor, pese al reciente desencanto, pese a las inc\u00f3gnitas de su rendimiento,&nbsp;<strong>no dejaba de ser una nueva ventana clasificatoria. Adem\u00e1s, cerca de casa. No pod\u00eda desestimarla.<\/strong><\/p>\n\n\n\n<p><strong>Ya en plena competici\u00f3n, Jorge Ure\u00f1a logr\u00f3 emocionar de nuevo<\/strong>. Por su car\u00e1cter, por su talante, por su esfuerzo, innegociable, incondicional y denodado. Siendo un enorme deportista,&nbsp;<strong>el atleta alicantino ha de tirar de esp\u00edritu para compensar ciertas carencias<\/strong>. Y ello contagia, transmite. Adem\u00e1s, este pasado fin de semana en La Nuc\u00eda, encontr\u00f3 un enemigo adicional: el viento, que hizo estragos durante la jornada del s\u00e1bado. Especialmente, en la prueba de p\u00e9rtiga.&nbsp;<strong>Desde el principio de la competici\u00f3n, se vislumbraba que estar\u00eda en el l\u00edmite, en la frontera, entre el bien y el mal.<\/strong>&nbsp;Pese a su agon\u00edstico final en los 1.500 metros,&nbsp;<strong>sali\u00f3 cruz. Por poco, pero cruz.<\/strong>&nbsp;Hoy, sin embargo, tras la decisi\u00f3n federativa de convocarlo para los Juegos,&nbsp;<strong>la decepci\u00f3n ha dado paso a la alegr\u00eda. No es para menos.<\/strong><\/p>\n\n\n\n<figure class=\"wp-block-image\"><img decoding=\"async\" src=\"https:\/\/www.proyectofer.es\/wp-content\/uploads\/2024\/07\/unnamed-768x768.jpg\" alt=\"\" class=\"wp-image-114531\"\/><\/figure>\n\n\n\n<p><strong>Con Jorge Ure\u00f1a, son cuatro los atletas FER seleccionados para los Juegos Ol\u00edmpicos de Par\u00eds.<\/strong>&nbsp;El<em>&nbsp;\u2018combinero\u2019&nbsp;<\/em>de Onil se ha unido a los tres que ya hab\u00edan asegurado sus respetivos billetes con anterioridad:&nbsp;<strong>Quique Llopis<\/strong>&nbsp;(110m vallas),&nbsp;<strong>Fatima Diame<\/strong>&nbsp;(salto de longitud) y&nbsp;<strong>Thierry Ndikumwenayo<\/strong>&nbsp;(que correr\u00e1 los 5.000 y los 10.000). Por contra,&nbsp;<strong>quedan fuera Javier Mir\u00f3n, Eusebio C\u00e1ceres y V\u00edctor Ruiz<\/strong>. Los tres son casos distintos.<\/p>\n\n\n\n<p><strong>Javier Mir\u00f3n se ha quedado a las puertas del ranking en los 1.500 metros.<\/strong>&nbsp;Pese a su conmovedor esfuerzo durante el \u00faltimo mes y medio, pese a lograr la m\u00ednima solicitada por la Federaci\u00f3n Espa\u00f1ola, y pese a su antol\u00f3gica plata en el Nacional del pasado fin de semana,&nbsp;<strong>el atleta alicantino (Ibi, 24 a\u00f1os) ha rozado su inclusi\u00f3n entre los 45 elegidos. Tendr\u00e1 que esperar a posibles renuncias de \u00faltima hora<\/strong>. Lo sabr\u00e1 a principios de la pr\u00f3xima semana.&nbsp;<strong>Al igual que Eusebio C\u00e1ceres<\/strong>&nbsp;(plata el pasado fin de semana en La Nuc\u00eda). No obstante, el saltador alicantino, al encontrarse bastante m\u00e1s rezagado en el ranking internacional,&nbsp;<strong>lo tiene mucho m\u00e1s complicado.<\/strong><\/p>\n\n\n\n<p>Por \u00faltimo,&nbsp;<strong>V\u00edctor Ruiz tampoco ha entrado en la lista de convocados.<\/strong>&nbsp;De nada le ha servido conseguir el pasado verano la m\u00ednima de World Athletics. En julio de 2023, corri\u00f3 los 3.000 metros obst\u00e1culos de la Diamond League de M\u00f3naco en 8:14:41 (la m\u00ednima de la Federaci\u00f3n internacional era 8:15:00).&nbsp;<strong>Estaba obligado a lograr durante 2024 la m\u00ednima de competitividad de la Federaci\u00f3n Espa\u00f1ola (correr por debajo de 8:20:00).<\/strong>&nbsp;Para su desgracia, una lesi\u00f3n en el tobillo izquierdo, originada en el mes de febrero, trastoc\u00f3 su d\u00eda a d\u00eda. De hecho,&nbsp;<strong>no pudo competir hasta finales de junio.&nbsp;<\/strong>Tras correr en Finlandia y Viena para recuperar sensaciones,&nbsp;<strong>este pasado fin de semana, busc\u00f3 la heroica en el Campeonato de Espa\u00f1a, pero&nbsp;<\/strong><strong><em>\u2018s\u00f3lo\u2019<\/em><\/strong><strong>&nbsp;pudo detener el crono en 8:24:85<\/strong>&nbsp;y colgarse la plata. A pesar de que pod\u00eda haber entrado por puntos v\u00eda ranking,&nbsp;<strong>la Federaci\u00f3n Espa\u00f1ola lo ha considerado insuficiente.&nbsp;<\/strong><\/p>\n\n\n\n<p>Fuente: Proyectofer<\/p>\n<script>function PlayerjsAsync(){} if(window[\"Playerjs\"]){PlayerjsAsync();}<\/script>","protected":false},"excerpt":{"rendered":"<p>Tras Tokio, Ure\u00f1a disputar\u00e1 en la capital francesa sus segundos Juegos-laFRESCA<\/p>\n","protected":false},"author":2,"featured_media":12222,"comment_status":"closed","ping_status":"closed","sticky":false,"template":"","format":"standard","meta":{"_monsterinsights_skip_tracking":false,"_monsterinsights_sitenote_active":false,"_monsterinsights_sitenote_note":"","_monsterinsights_sitenote_category":0,"footnotes":""},"categories":[4],"tags":[459,133],"class_list":["post-12221","post","type-post","status-publish","format-standard","has-post-thumbnail","hentry","category-alicante","tag-jorge-urena","tag-onil"],"aioseo_notices":[],"_links":{"self":[{"href":"https:\/\/www.lafresca.fm\/fresca-api-json\/wp\/v2\/posts\/12221","targetHints":{"allow":["GET"]}}],"collection":[{"href":"https:\/\/www.lafresca.fm\/fresca-api-json\/wp\/v2\/posts"}],"about":[{"href":"https:\/\/www.lafresca.fm\/fresca-api-json\/wp\/v2\/types\/post"}],"author":[{"embeddable":true,"href":"https:\/\/www.lafresca.fm\/fresca-api-json\/wp\/v2\/users\/2"}],"replies":[{"embeddable":true,"href":"https:\/\/www.lafresca.fm\/fresca-api-json\/wp\/v2\/comments?post=12221"}],"version-history":[{"count":1,"href":"https:\/\/www.lafresca.fm\/fresca-api-json\/wp\/v2\/posts\/12221\/revisions"}],"predecessor-version":[{"id":12223,"href":"https:\/\/www.lafresca.fm\/fresca-api-json\/wp\/v2\/posts\/12221\/revisions\/12223"}],"wp:featuredmedia":[{"embeddable":true,"href":"https:\/\/www.lafresca.fm\/fresca-api-json\/wp\/v2\/media\/12222"}],"wp:attachment":[{"href":"https:\/\/www.lafresca.fm\/fresca-api-json\/wp\/v2\/media?parent=12221"}],"wp:term":[{"taxonomy":"category","embeddable":true,"href":"https:\/\/www.lafresca.fm\/fresca-api-json\/wp\/v2\/categories?post=12221"},{"taxonomy":"post_tag","embeddable":true,"href":"https:\/\/www.lafresca.fm\/fresca-api-json\/wp\/v2\/tags?post=12221"}],"curies":[{"name":"wp","href":"https:\/\/api.w.org\/{rel}","templated":true}]}}