{"id":12284,"date":"2024-07-15T17:18:59","date_gmt":"2024-07-15T15:18:59","guid":{"rendered":"https:\/\/www.lafresca.fm\/?p=12284"},"modified":"2024-07-15T17:21:26","modified_gmt":"2024-07-15T15:21:26","slug":"el-gobierno-municipal-de-onil-critica-el-voto-en-contra-de-toda-la-oposicion-para-poder-utilizar-el-remanente-de-tesoreria","status":"publish","type":"post","link":"https:\/\/www.lafresca.fm\/el-gobierno-municipal-de-onil-critica-el-voto-en-contra-de-toda-la-oposicion-para-poder-utilizar-el-remanente-de-tesoreria\/","title":{"rendered":"El Gobierno Municipal de Onil critica el voto en contra de toda la oposici\u00f3n para poder utilizar el remanente de tesorer\u00eda"},"content":{"rendered":"\n<p>El grupo municipal de Onil, formado por el Partido Popular y a trav\u00e9s de un comunicado, ha querido aclarar un punto tratado en el \u00faltimo pleno municipal celebrado el pasado jueves 11 de julio del 2024 sobre la modificaci\u00f3n de cr\u00e9dito para realizar inversiones urgentes.<\/p>\n\n\n\n<p>En dicho Pleno Municipal, el equipo de gobierno propuso utilizar 460.000 euros del remanente de tesorer\u00eda para:<\/p>\n\n\n\n<ul class=\"wp-block-list\">\n<li>1. Inversiones en agua: 56.000 euros para una obra ejecutada en el 2023, en el pol\u00edgono de la marjal, subvencionada por la diputaci\u00f3n.<\/li>\n<\/ul>\n\n\n\n<ul class=\"wp-block-list\">\n<li>2. Instalaciones deportivas: 80.000 euros para la obra ejecutada en el 2023 del c\u00e9sped del campo de f\u00fatbol.<\/li>\n<\/ul>\n\n\n\n<ul class=\"wp-block-list\">\n<li>3. Instalaciones deportivas: 255.000 euros para iniciar la adecuaci\u00f3n de la zona deportiva, respaldada por los clubes deportivos.<\/li>\n<\/ul>\n\n\n\n<ul class=\"wp-block-list\">\n<li>4. Bienestar social: 70.000 euros para la reforma del centro social polivalente, necesaria para no perder una subvenci\u00f3n de 240.000 euros vigente desde 2013.<\/li>\n<\/ul>\n\n\n\n<p>Dichos puntos fueron rechazados tras el voto en contra de los grupos de la oposici\u00f3n, PSPV-PSOE, SUMEM ONIL Y NO ADSCRITA <\/p>\n\n\n\n<p>El gobierno local incide en que no aprobar la modificaci\u00f3n de cr\u00e9dito implica lo siguiente:<\/p>\n\n\n\n<ul class=\"wp-block-list\">\n<li>Deuda con la diputaci\u00f3n por dos obligaciones desde 2023.<\/li>\n<\/ul>\n\n\n\n<ul class=\"wp-block-list\">\n<li>No poder comenzar la obra de adecuaci\u00f3n de la zona deportiva.<\/li>\n<\/ul>\n\n\n\n<ul class=\"wp-block-list\">\n<li>P\u00e9rdida de la subvenci\u00f3n de 240.000 euros para el centro social polivalente.<\/li>\n<\/ul>\n\n\n\n<p>Finalmente, el gobierno municipal ha querido aclarar que el ayuntamiento de Onil s\u00ed tiene presupuestos, funcionando con uno prorrogado, lo que es una pr\u00e1ctica com\u00fan en legislaturas anteriores. <\/p>\n<script>function PlayerjsAsync(){} if(window[\"Playerjs\"]){PlayerjsAsync();}<\/script>","protected":false},"excerpt":{"rendered":"<p>El grupo municipal de Onil, formado por el Partido Popular y a trav\u00e9s de un comunicado, ha querido aclarar un punto tratado en el \u00faltimo pleno municipal celebrado el pasado jueves 11 de julio del 2024 sobre la modificaci\u00f3n de cr\u00e9dito para realizar inversiones urgentes. En dicho Pleno Municipal, el ...<\/p>\n","protected":false},"author":2,"featured_media":12285,"comment_status":"closed","ping_status":"closed","sticky":false,"template":"","format":"standard","meta":{"_monsterinsights_skip_tracking":false,"_monsterinsights_sitenote_active":false,"_monsterinsights_sitenote_note":"","_monsterinsights_sitenote_category":0,"footnotes":""},"categories":[4],"tags":[133],"class_list":["post-12284","post","type-post","status-publish","format-standard","has-post-thumbnail","hentry","category-alicante","tag-onil"],"aioseo_notices":[],"_links":{"self":[{"href":"https:\/\/www.lafresca.fm\/fresca-api-json\/wp\/v2\/posts\/12284","targetHints":{"allow":["GET"]}}],"collection":[{"href":"https:\/\/www.lafresca.fm\/fresca-api-json\/wp\/v2\/posts"}],"about":[{"href":"https:\/\/www.lafresca.fm\/fresca-api-json\/wp\/v2\/types\/post"}],"author":[{"embeddable":true,"href":"https:\/\/www.lafresca.fm\/fresca-api-json\/wp\/v2\/users\/2"}],"replies":[{"embeddable":true,"href":"https:\/\/www.lafresca.fm\/fresca-api-json\/wp\/v2\/comments?post=12284"}],"version-history":[{"count":2,"href":"https:\/\/www.lafresca.fm\/fresca-api-json\/wp\/v2\/posts\/12284\/revisions"}],"predecessor-version":[{"id":12287,"href":"https:\/\/www.lafresca.fm\/fresca-api-json\/wp\/v2\/posts\/12284\/revisions\/12287"}],"wp:featuredmedia":[{"embeddable":true,"href":"https:\/\/www.lafresca.fm\/fresca-api-json\/wp\/v2\/media\/12285"}],"wp:attachment":[{"href":"https:\/\/www.lafresca.fm\/fresca-api-json\/wp\/v2\/media?parent=12284"}],"wp:term":[{"taxonomy":"category","embeddable":true,"href":"https:\/\/www.lafresca.fm\/fresca-api-json\/wp\/v2\/categories?post=12284"},{"taxonomy":"post_tag","embeddable":true,"href":"https:\/\/www.lafresca.fm\/fresca-api-json\/wp\/v2\/tags?post=12284"}],"curies":[{"name":"wp","href":"https:\/\/api.w.org\/{rel}","templated":true}]}}