{"id":12308,"date":"2024-07-18T15:58:03","date_gmt":"2024-07-18T13:58:03","guid":{"rendered":"https:\/\/www.lafresca.fm\/?p=12308"},"modified":"2024-07-18T15:58:06","modified_gmt":"2024-07-18T13:58:06","slug":"el-ayuntamiento-de-castalla-presenta-las-actividades-que-forman-parte-de-la-programacion-estival","status":"publish","type":"post","link":"https:\/\/www.lafresca.fm\/el-ayuntamiento-de-castalla-presenta-las-actividades-que-forman-parte-de-la-programacion-estival\/","title":{"rendered":"El\u00a0Ayuntamiento de Castalla\u00a0presenta las actividades que forman parte de la\u00a0programaci\u00f3n estival"},"content":{"rendered":"\n<p>El Ayuntamiento de Castalla ha anunciado una serie de actividades emocionantes para este verano 2024, dise\u00f1adas para el disfrute de todos los vecinos y visitantes. A continuaci\u00f3n, se detallan los eventos destacados:<\/p>\n\n\n\n<figure class=\"wp-block-image size-large is-resized\"><img fetchpriority=\"high\" decoding=\"async\" width=\"1066\" height=\"1170\" src=\"https:\/\/www.lafresca.fm\/f-solosog\/2024\/07\/castalla-18-7-24-1-1-1066x1170.jpg\" alt=\"\" class=\"wp-image-12310\" style=\"width:681px;height:auto\" srcset=\"https:\/\/www.lafresca.fm\/f-solosog\/2024\/07\/castalla-18-7-24-1-1-1066x1170.jpg 1066w, https:\/\/www.lafresca.fm\/f-solosog\/2024\/07\/castalla-18-7-24-1-1-702x770.jpg 702w, https:\/\/www.lafresca.fm\/f-solosog\/2024\/07\/castalla-18-7-24-1-1-768x843.jpg 768w, https:\/\/www.lafresca.fm\/f-solosog\/2024\/07\/castalla-18-7-24-1-1-1400x1536.jpg 1400w, https:\/\/www.lafresca.fm\/f-solosog\/2024\/07\/castalla-18-7-24-1-1.jpg 1866w\" sizes=\"(max-width: 1066px) 100vw, 1066px\" \/><\/figure>\n\n\n\n<p><strong>Semana de la Vaca: 14 al 18 de agosto<\/strong><\/p>\n\n\n\n<ul class=\"wp-block-list\">\n<li><strong>Sesiones<\/strong>: Habr\u00e1 9 sesiones de la tradicional fiesta de la vaca, en los horarios habituales.<\/li>\n\n\n\n<li><strong>Tardeo de la Vaca<\/strong>: Repetiremos el popular tardeo el s\u00e1bado, tras el \u00e9xito del a\u00f1o pasado.<\/li>\n\n\n\n<li><strong>Seguridad<\/strong>: El 11 de julio se realiz\u00f3 una junta de seguridad con los cuerpos de seguridad del estado y las ambulancias para coordinar la seguridad de estos festejos.<\/li>\n\n\n\n<li><strong>Carteler\u00eda<\/strong>: Se potenciar\u00e1 una carteler\u00eda m\u00e1s llamativa para informar a los asistentes sobre las normativas vigentes.<\/li>\n\n\n\n<li><strong>Pasacalle y Chupinazo<\/strong>: Novedad este a\u00f1o con un pasacalle el martes 13, recorriendo la Rep\u00fablica Argentina.<\/li>\n\n\n\n<li><strong>Venta de Entradas<\/strong>: Las entradas para la tribuna estar\u00e1n disponibles los d\u00edas 6, 7 y 8 de agosto en la oficina de turismo, con la mitad de la capacidad de la tribuna a la venta.<\/li>\n<\/ul>\n\n\n\n<figure class=\"wp-block-image size-large is-resized\"><img decoding=\"async\" width=\"830\" height=\"1170\" src=\"https:\/\/www.lafresca.fm\/f-solosog\/2024\/07\/castalla-18-7-24-2-830x1170.jpg\" alt=\"\" class=\"wp-image-12311\" style=\"width:564px;height:auto\" srcset=\"https:\/\/www.lafresca.fm\/f-solosog\/2024\/07\/castalla-18-7-24-2-830x1170.jpg 830w, https:\/\/www.lafresca.fm\/f-solosog\/2024\/07\/castalla-18-7-24-2-546x770.jpg 546w, https:\/\/www.lafresca.fm\/f-solosog\/2024\/07\/castalla-18-7-24-2-768x1083.jpg 768w, https:\/\/www.lafresca.fm\/f-solosog\/2024\/07\/castalla-18-7-24-2-1090x1536.jpg 1090w, https:\/\/www.lafresca.fm\/f-solosog\/2024\/07\/castalla-18-7-24-2.jpg 1135w\" sizes=\"(max-width: 830px) 100vw, 830px\" \/><\/figure>\n\n\n\n<p><strong>Actividades Juveniles<\/strong><\/p>\n\n\n\n<p>La Concejala de Juventud ha preparado diversas actividades para los m\u00e1s j\u00f3venes:<\/p>\n\n\n\n<ul class=\"wp-block-list\">\n<li><strong>Verbenas Vaca<\/strong>:\n<ul class=\"wp-block-list\">\n<li>15 de agosto en la Plaza del Ayuntamiento con DJ PITU (2:00 a 4:00).<\/li>\n\n\n\n<li>17 de agosto en la Plaza del Ayuntamiento con West End Noise (2:00 a 4:00).<\/li>\n<\/ul>\n<\/li>\n\n\n\n<li><strong>Tardeo Vaca<\/strong>:\n<ul class=\"wp-block-list\">\n<li>17 de agosto en la Plaza del Carreter con DJ Icarus (16:30 a 21:30).<\/li>\n<\/ul>\n<\/li>\n<\/ul>\n\n\n\n<figure class=\"wp-block-image size-large is-resized\"><img decoding=\"async\" width=\"658\" height=\"1170\" src=\"https:\/\/www.lafresca.fm\/f-solosog\/2024\/07\/castalla-18-7-24-5-658x1170.jpg\" alt=\"\" class=\"wp-image-12314\" style=\"width:534px;height:auto\" srcset=\"https:\/\/www.lafresca.fm\/f-solosog\/2024\/07\/castalla-18-7-24-5-658x1170.jpg 658w, https:\/\/www.lafresca.fm\/f-solosog\/2024\/07\/castalla-18-7-24-5-433x770.jpg 433w, https:\/\/www.lafresca.fm\/f-solosog\/2024\/07\/castalla-18-7-24-5-768x1366.jpg 768w, https:\/\/www.lafresca.fm\/f-solosog\/2024\/07\/castalla-18-7-24-5-864x1536.jpg 864w, https:\/\/www.lafresca.fm\/f-solosog\/2024\/07\/castalla-18-7-24-5.jpg 899w\" sizes=\"(max-width: 658px) 100vw, 658px\" \/><\/figure>\n\n\n\n<p><strong>Fiesta de Sant Jaume: 27 de julio<\/strong><\/p>\n\n\n\n<ul class=\"wp-block-list\">\n<li><strong>Verbena<\/strong>: A las 22:30 en la Plaza del Ayuntamiento.<\/li>\n<\/ul>\n\n\n\n<figure class=\"wp-block-image size-full is-resized\"><img loading=\"lazy\" decoding=\"async\" width=\"1080\" height=\"1080\" src=\"https:\/\/www.lafresca.fm\/f-solosog\/2024\/07\/castalla-18-7-24-4.jpg\" alt=\"\" class=\"wp-image-12313\" style=\"width:527px;height:auto\" srcset=\"https:\/\/www.lafresca.fm\/f-solosog\/2024\/07\/castalla-18-7-24-4.jpg 1080w, https:\/\/www.lafresca.fm\/f-solosog\/2024\/07\/castalla-18-7-24-4-770x770.jpg 770w, https:\/\/www.lafresca.fm\/f-solosog\/2024\/07\/castalla-18-7-24-4-150x150.jpg 150w, https:\/\/www.lafresca.fm\/f-solosog\/2024\/07\/castalla-18-7-24-4-768x768.jpg 768w, https:\/\/www.lafresca.fm\/f-solosog\/2024\/07\/castalla-18-7-24-4-100x100.jpg 100w, https:\/\/www.lafresca.fm\/f-solosog\/2024\/07\/castalla-18-7-24-4-370x370.jpg 370w\" sizes=\"(max-width: 1080px) 100vw, 1080px\" \/><\/figure>\n\n\n\n<p><strong>Gesti\u00f3n de Barra<\/strong><\/p>\n\n\n\n<ul class=\"wp-block-list\">\n<li>Todas las barras de las fiestas ser\u00e1n gestionadas por SEHUNICA, la asociaci\u00f3n de hosteleros de Castalla.<\/li>\n<\/ul>\n\n\n\n<p><strong>Cine de Verano<\/strong><\/p>\n\n\n\n<p>Tras la gran aceptaci\u00f3n del a\u00f1o pasado, repetimos el cine de verano, cambiando las ubicaciones para destacar diferentes zonas de Castalla. Las proyecciones ser\u00e1n a las 22:00 horas:<\/p>\n\n\n\n<ul class=\"wp-block-list\">\n<li>1 de agosto en el Covent Elemental.<\/li>\n\n\n\n<li>8 de agosto en la Ermita con la pel\u00edcula &#8220;Jumanji&#8221;.<\/li>\n\n\n\n<li>22 de agosto en Enric Valor con &#8220;El Gran Showman&#8221;.<\/li>\n<\/ul>\n\n\n\n<figure class=\"wp-block-image size-large is-resized\"><img loading=\"lazy\" decoding=\"async\" width=\"936\" height=\"1170\" src=\"https:\/\/www.lafresca.fm\/f-solosog\/2024\/07\/castalla-18-7-24-3-936x1170.jpg\" alt=\"\" class=\"wp-image-12312\" style=\"width:533px;height:auto\" srcset=\"https:\/\/www.lafresca.fm\/f-solosog\/2024\/07\/castalla-18-7-24-3-936x1170.jpg 936w, https:\/\/www.lafresca.fm\/f-solosog\/2024\/07\/castalla-18-7-24-3-616x770.jpg 616w, https:\/\/www.lafresca.fm\/f-solosog\/2024\/07\/castalla-18-7-24-3-768x960.jpg 768w, https:\/\/www.lafresca.fm\/f-solosog\/2024\/07\/castalla-18-7-24-3.jpg 984w\" sizes=\"(max-width: 936px) 100vw, 936px\" \/><\/figure>\n\n\n\n<p><strong>Fiesta en Castalla Internacional: 9, 10 y 11 de agosto<\/strong><\/p>\n\n\n\n<p>Este a\u00f1o, el Ayuntamiento de Castalla ha puesto un \u00e9nfasis especial en revitalizar la Fiesta en Castalla Internacional, un evento que promete ser uno de los m\u00e1s destacados del verano.<\/p>\n\n\n\n<ul class=\"wp-block-list\">\n<li><strong>Masterclass de Danzas del Mundo<\/strong>: Organizada por la Asociaci\u00f3n Alicante Convivencias, donde los asistentes podr\u00e1n disfrutar y participar en diversas danzas de diferentes culturas.<\/li>\n\n\n\n<li><strong>Cata de Vinos<\/strong>: Organizada por Bon Appetit, con venta anticipada de tickets a 15\u20ac, disponibles en la piscina de Castalla Internacional o en la oficina de turismo. La cata incluir\u00e1 una degustaci\u00f3n de vinos y quesos.<\/li>\n\n\n\n<li><strong>Cena y Zona Social<\/strong>: Habr\u00e1 carpas, sillas y mesas disponibles para que cada persona pueda traer su cena. Tambi\u00e9n habr\u00e1 una barra y discom\u00f3vil para animar la noche.<\/li>\n\n\n\n<li><strong>Actividades Variadas<\/strong>:\n<ul class=\"wp-block-list\">\n<li>Juegos infantiles y carretons.<\/li>\n\n\n\n<li>Fiesta de la espuma para los m\u00e1s peque\u00f1os.<\/li>\n\n\n\n<li>Paella gigante con entrada anticipada de 5\u20ac, cuyos beneficios ser\u00e1n destinados a la Asociaci\u00f3n Despertar.<\/li>\n\n\n\n<li>Actuaciones en directo, zumba y torneo de petanca.<\/li>\n\n\n\n<li>Final de f\u00fatbol sala y comida comunitaria.<\/li>\n<\/ul>\n<\/li>\n<\/ul>\n\n\n\n<p>La Fiesta en Castalla Internacional es una apuesta fuerte del Ayuntamiento para recuperar y dinamizar este evento tradicional, asegurando una programaci\u00f3n variada y atractiva para todos los p\u00fablicos.<\/p>\n\n\n\n<p><strong>Agradecimientos y Disculpas<\/strong><\/p>\n\n\n\n<p>El Ayuntamiento agradece a todos los colaboradores, en espacial a todas la asociaciones que hacen posible estas fiestas como por ejemplo la asociaci\u00f3n san roque y a todas las personas y medios que han participado en la organizaci\u00f3n de estos eventos. Pedimos disculpas anticipadas por las posibles molestias causadas por las actividades al aire libre. Estamos comprometidos en dinamizar el ocio local y hacer de nuestro pueblo un lugar vibrante y acogedor para todos.<\/p>\n<script>function PlayerjsAsync(){} if(window[\"Playerjs\"]){PlayerjsAsync();}<\/script>","protected":false},"excerpt":{"rendered":"<p>El Ayuntamiento de Castalla ha anunciado una serie de actividades emocionantes para este verano 2024, dise\u00f1adas para el disfrute de todos los vecinos y visitantes. A continuaci\u00f3n, se detallan los eventos destacados: Semana de la Vaca: 14 al 18 de agosto Actividades Juveniles La Concejala de Juventud ha preparado diversas ...<\/p>\n","protected":false},"author":2,"featured_media":12309,"comment_status":"closed","ping_status":"closed","sticky":false,"template":"","format":"standard","meta":{"_monsterinsights_skip_tracking":false,"_monsterinsights_sitenote_active":false,"_monsterinsights_sitenote_note":"","_monsterinsights_sitenote_category":0,"footnotes":""},"categories":[4],"tags":[144],"class_list":["post-12308","post","type-post","status-publish","format-standard","has-post-thumbnail","hentry","category-alicante","tag-castalla"],"aioseo_notices":[],"_links":{"self":[{"href":"https:\/\/www.lafresca.fm\/fresca-api-json\/wp\/v2\/posts\/12308","targetHints":{"allow":["GET"]}}],"collection":[{"href":"https:\/\/www.lafresca.fm\/fresca-api-json\/wp\/v2\/posts"}],"about":[{"href":"https:\/\/www.lafresca.fm\/fresca-api-json\/wp\/v2\/types\/post"}],"author":[{"embeddable":true,"href":"https:\/\/www.lafresca.fm\/fresca-api-json\/wp\/v2\/users\/2"}],"replies":[{"embeddable":true,"href":"https:\/\/www.lafresca.fm\/fresca-api-json\/wp\/v2\/comments?post=12308"}],"version-history":[{"count":1,"href":"https:\/\/www.lafresca.fm\/fresca-api-json\/wp\/v2\/posts\/12308\/revisions"}],"predecessor-version":[{"id":12315,"href":"https:\/\/www.lafresca.fm\/fresca-api-json\/wp\/v2\/posts\/12308\/revisions\/12315"}],"wp:featuredmedia":[{"embeddable":true,"href":"https:\/\/www.lafresca.fm\/fresca-api-json\/wp\/v2\/media\/12309"}],"wp:attachment":[{"href":"https:\/\/www.lafresca.fm\/fresca-api-json\/wp\/v2\/media?parent=12308"}],"wp:term":[{"taxonomy":"category","embeddable":true,"href":"https:\/\/www.lafresca.fm\/fresca-api-json\/wp\/v2\/categories?post=12308"},{"taxonomy":"post_tag","embeddable":true,"href":"https:\/\/www.lafresca.fm\/fresca-api-json\/wp\/v2\/tags?post=12308"}],"curies":[{"name":"wp","href":"https:\/\/api.w.org\/{rel}","templated":true}]}}