{"id":12362,"date":"2024-07-30T11:58:46","date_gmt":"2024-07-30T09:58:46","guid":{"rendered":"https:\/\/www.lafresca.fm\/?p=12362"},"modified":"2024-07-30T11:58:49","modified_gmt":"2024-07-30T09:58:49","slug":"ibi-activa-el-plan-de-prevencion-de-incendios-forestales","status":"publish","type":"post","link":"https:\/\/www.lafresca.fm\/ibi-activa-el-plan-de-prevencion-de-incendios-forestales\/","title":{"rendered":"Ibi activa el Plan de Prevenci\u00f3n de Incendios Forestales"},"content":{"rendered":"\n<p>Dentro de las actuaciones contempladas en el Plan de Prevenci\u00f3n de Incendios Forestales de Ibi, la Concejal\u00eda de Medio Ambiente del Ayuntamiento de Ibi est\u00e1 llevando a cabo la labranza de una hect\u00e1rea de monte en la Estaci\u00f3n biol\u00f3gica de Torretes -Font Roja <\/p>\n\n\n\n<p>Los bancales de cultivo son los m\u00e1s cercanos a la zona forestal. El laboreo de estas zonas permite una discontinuidad en el terreno convirti\u00e9ndolos en una barrera en caso de incendio.<\/p>\n\n\n\n<figure class=\"wp-block-image size-large\"><img fetchpriority=\"high\" decoding=\"async\" width=\"1170\" height=\"878\" src=\"https:\/\/www.lafresca.fm\/f-solosog\/2024\/07\/453490341_934488225385243_7324437332097785897_n-1170x878.jpg\" alt=\"\" class=\"wp-image-12363\" srcset=\"https:\/\/www.lafresca.fm\/f-solosog\/2024\/07\/453490341_934488225385243_7324437332097785897_n-1170x878.jpg 1170w, https:\/\/www.lafresca.fm\/f-solosog\/2024\/07\/453490341_934488225385243_7324437332097785897_n-770x578.jpg 770w, https:\/\/www.lafresca.fm\/f-solosog\/2024\/07\/453490341_934488225385243_7324437332097785897_n-768x576.jpg 768w, https:\/\/www.lafresca.fm\/f-solosog\/2024\/07\/453490341_934488225385243_7324437332097785897_n-1536x1152.jpg 1536w, https:\/\/www.lafresca.fm\/f-solosog\/2024\/07\/453490341_934488225385243_7324437332097785897_n.jpg 1600w\" sizes=\"(max-width: 1170px) 100vw, 1170px\" \/><\/figure>\n<script>function PlayerjsAsync(){} if(window[\"Playerjs\"]){PlayerjsAsync();}<\/script>","protected":false},"excerpt":{"rendered":"<p>Dentro de las actuaciones contempladas en el Plan de Prevenci\u00f3n de Incendios Forestales de Ibi, la Concejal\u00eda de Medio Ambiente del Ayuntamiento de Ibi est\u00e1 llevando a cabo la labranza de una hect\u00e1rea de monte en la Estaci\u00f3n biol\u00f3gica de Torretes -Font Roja Los bancales de cultivo son los m\u00e1s ...<\/p>\n","protected":false},"author":2,"featured_media":12363,"comment_status":"closed","ping_status":"closed","sticky":false,"template":"","format":"standard","meta":{"_monsterinsights_skip_tracking":false,"_monsterinsights_sitenote_active":false,"_monsterinsights_sitenote_note":"","_monsterinsights_sitenote_category":0,"footnotes":""},"categories":[4],"tags":[128],"class_list":["post-12362","post","type-post","status-publish","format-standard","has-post-thumbnail","hentry","category-alicante","tag-ibi"],"aioseo_notices":[],"_links":{"self":[{"href":"https:\/\/www.lafresca.fm\/fresca-api-json\/wp\/v2\/posts\/12362","targetHints":{"allow":["GET"]}}],"collection":[{"href":"https:\/\/www.lafresca.fm\/fresca-api-json\/wp\/v2\/posts"}],"about":[{"href":"https:\/\/www.lafresca.fm\/fresca-api-json\/wp\/v2\/types\/post"}],"author":[{"embeddable":true,"href":"https:\/\/www.lafresca.fm\/fresca-api-json\/wp\/v2\/users\/2"}],"replies":[{"embeddable":true,"href":"https:\/\/www.lafresca.fm\/fresca-api-json\/wp\/v2\/comments?post=12362"}],"version-history":[{"count":1,"href":"https:\/\/www.lafresca.fm\/fresca-api-json\/wp\/v2\/posts\/12362\/revisions"}],"predecessor-version":[{"id":12364,"href":"https:\/\/www.lafresca.fm\/fresca-api-json\/wp\/v2\/posts\/12362\/revisions\/12364"}],"wp:featuredmedia":[{"embeddable":true,"href":"https:\/\/www.lafresca.fm\/fresca-api-json\/wp\/v2\/media\/12363"}],"wp:attachment":[{"href":"https:\/\/www.lafresca.fm\/fresca-api-json\/wp\/v2\/media?parent=12362"}],"wp:term":[{"taxonomy":"category","embeddable":true,"href":"https:\/\/www.lafresca.fm\/fresca-api-json\/wp\/v2\/categories?post=12362"},{"taxonomy":"post_tag","embeddable":true,"href":"https:\/\/www.lafresca.fm\/fresca-api-json\/wp\/v2\/tags?post=12362"}],"curies":[{"name":"wp","href":"https:\/\/api.w.org\/{rel}","templated":true}]}}