{"id":12407,"date":"2024-08-12T10:27:10","date_gmt":"2024-08-12T08:27:10","guid":{"rendered":"https:\/\/www.lafresca.fm\/?p=12407"},"modified":"2024-08-12T10:27:12","modified_gmt":"2024-08-12T08:27:12","slug":"la-ibense-valeria-coloma-campeona-de-la-challenge-de-feminas-de-ciclismo-de-la-cv-2024","status":"publish","type":"post","link":"https:\/\/www.lafresca.fm\/la-ibense-valeria-coloma-campeona-de-la-challenge-de-feminas-de-ciclismo-de-la-cv-2024\/","title":{"rendered":"La ibense Valeria Coloma, campeona de la Challenge de f\u00e9minas de ciclismo de la CV 2024"},"content":{"rendered":"\n<p>La joven ciclista ibense Valeria Coloma Chamorro ha conseguido este domingo 11 de agosto proclamarse campeona de la Challenge de f\u00e9minas de la Comunidad Valenciana 2024 en la categor\u00eda de alev\u00edn, en la localidad castellonense de C\u00e1lig. Adem\u00e1s, tambi\u00e9n consegu\u00eda la segunda plaza de la general de la challenge de f\u00e9minas en gimkana. La \u2018Vikinga\u2019 de 12 a\u00f1os pertenece al <a href=\"https:\/\/www.facebook.com\/cctibiamsonido?__cft__[0]=AZVBLOrUJRTfuBSth74i5sbATnAUb6cjZ4AovpeJXuB8Lr9zD6YfSGKJyx6D8igeIdHBWeGZGzkKnBgMjvCbbEvmQAlY9nDQBPQid5keoL-7Ns7m7GSsb4gvClNnIazV6zvcn8KQcOfFJQ2YiasBSctX4EojPm-_X2shdvRznjBxOB9t9OzD4FSUPp1lYr8e7JuoeyV_ciUsRZC2qwUvA3Hh&amp;__tn__=-]K-R\">CC Tibi AM Sonido<\/a> \u00a1Enhorabuena! <img decoding=\"async\" height=\"16\" width=\"16\" src=\"https:\/\/static.xx.fbcdn.net\/images\/emoji.php\/v9\/t7a\/1\/16\/1f44f_1f3fc.png\" alt=\"\ud83d\udc4f\ud83c\udffc\"><\/p>\n\n\n\n<figure class=\"wp-block-image size-large\"><img fetchpriority=\"high\" decoding=\"async\" width=\"878\" height=\"1170\" src=\"https:\/\/www.lafresca.fm\/f-solosog\/2024\/08\/valeria-12824-878x1170.jpg\" alt=\"\" class=\"wp-image-12408\" srcset=\"https:\/\/www.lafresca.fm\/f-solosog\/2024\/08\/valeria-12824-878x1170.jpg 878w, https:\/\/www.lafresca.fm\/f-solosog\/2024\/08\/valeria-12824-578x770.jpg 578w, https:\/\/www.lafresca.fm\/f-solosog\/2024\/08\/valeria-12824-768x1024.jpg 768w, https:\/\/www.lafresca.fm\/f-solosog\/2024\/08\/valeria-12824-1152x1536.jpg 1152w, https:\/\/www.lafresca.fm\/f-solosog\/2024\/08\/valeria-12824.jpg 1512w\" sizes=\"(max-width: 878px) 100vw, 878px\" \/><\/figure>\n<script>function PlayerjsAsync(){} if(window[\"Playerjs\"]){PlayerjsAsync();}<\/script>","protected":false},"excerpt":{"rendered":"<p>La joven ciclista ibense Valeria Coloma Chamorro ha conseguido este domingo 11 de agosto proclamarse campeona de la Challenge de f\u00e9minas de la Comunidad Valenciana 2024 en la categor\u00eda de alev\u00edn, en la localidad castellonense de C\u00e1lig. Adem\u00e1s, tambi\u00e9n consegu\u00eda la segunda plaza de la general de la challenge de ...<\/p>\n","protected":false},"author":2,"featured_media":12409,"comment_status":"closed","ping_status":"closed","sticky":false,"template":"","format":"standard","meta":{"_monsterinsights_skip_tracking":false,"_monsterinsights_sitenote_active":false,"_monsterinsights_sitenote_note":"","_monsterinsights_sitenote_category":0,"footnotes":""},"categories":[4],"tags":[128,282],"class_list":["post-12407","post","type-post","status-publish","format-standard","has-post-thumbnail","hentry","category-alicante","tag-ibi","tag-valeria-coloma"],"aioseo_notices":[],"_links":{"self":[{"href":"https:\/\/www.lafresca.fm\/fresca-api-json\/wp\/v2\/posts\/12407","targetHints":{"allow":["GET"]}}],"collection":[{"href":"https:\/\/www.lafresca.fm\/fresca-api-json\/wp\/v2\/posts"}],"about":[{"href":"https:\/\/www.lafresca.fm\/fresca-api-json\/wp\/v2\/types\/post"}],"author":[{"embeddable":true,"href":"https:\/\/www.lafresca.fm\/fresca-api-json\/wp\/v2\/users\/2"}],"replies":[{"embeddable":true,"href":"https:\/\/www.lafresca.fm\/fresca-api-json\/wp\/v2\/comments?post=12407"}],"version-history":[{"count":1,"href":"https:\/\/www.lafresca.fm\/fresca-api-json\/wp\/v2\/posts\/12407\/revisions"}],"predecessor-version":[{"id":12410,"href":"https:\/\/www.lafresca.fm\/fresca-api-json\/wp\/v2\/posts\/12407\/revisions\/12410"}],"wp:featuredmedia":[{"embeddable":true,"href":"https:\/\/www.lafresca.fm\/fresca-api-json\/wp\/v2\/media\/12409"}],"wp:attachment":[{"href":"https:\/\/www.lafresca.fm\/fresca-api-json\/wp\/v2\/media?parent=12407"}],"wp:term":[{"taxonomy":"category","embeddable":true,"href":"https:\/\/www.lafresca.fm\/fresca-api-json\/wp\/v2\/categories?post=12407"},{"taxonomy":"post_tag","embeddable":true,"href":"https:\/\/www.lafresca.fm\/fresca-api-json\/wp\/v2\/tags?post=12407"}],"curies":[{"name":"wp","href":"https:\/\/api.w.org\/{rel}","templated":true}]}}