{"id":12468,"date":"2024-09-04T12:44:54","date_gmt":"2024-09-04T10:44:54","guid":{"rendered":"https:\/\/www.lafresca.fm\/?p=12468"},"modified":"2024-09-04T12:44:55","modified_gmt":"2024-09-04T10:44:55","slug":"se-celebra-en-ibi-la-junta-local-de-seguridad-ciudadana-previa-a-las-fiestas-de-moros-y-cristianos-2024","status":"publish","type":"post","link":"https:\/\/www.lafresca.fm\/se-celebra-en-ibi-la-junta-local-de-seguridad-ciudadana-previa-a-las-fiestas-de-moros-y-cristianos-2024\/","title":{"rendered":"Se celebra en Ibi la Junta Local de Seguridad Ciudadana previa a las Fiestas de Moros y Cristianos 2024"},"content":{"rendered":"\n<ul class=\"wp-block-list\">\n<li>A ella han asistido el subdelegado del gobierno en Alicante, Juan Antonio Nieves Mart\u00ednez, y los responsables de los diferentes cuerpos de seguridad implicados.<\/li>\n<\/ul>\n\n\n\n<p>El Ayuntamiento de Ibi celebraba la pasada semana la Junta Local de Seguridad Ciudadana previa a las Fiestas de Moros y Cristianos de Ibi 2024, con la presencia del subdelegado del gobierno, Juan Antonio Nieves Mart\u00ednez; el alcalde de Ibi, Sergio Carrasco Mart\u00ednez; la oficial de la Polic\u00eda Local de Ibi, Elvira Vidal Sempere; el Comandante de la Guardia Civil del Puesto Principal de Ibi, el teniente Jos\u00e9 Joaqu\u00edn Gonz\u00e1lez Tercero; el Capit\u00e1n de la Guardia Civil, segundo jefe de la compa\u00f1\u00eda de Ibi, Antonio G\u00e1rate Troya; el Jefe de la Polic\u00eda Nacional de Alcoy, Jes\u00fas S\u00e1nchez Jim\u00e9nez y el Polic\u00eda Nacional adscrito a la Comunidad Valenciana, Jos\u00e9 Antonio Fern\u00e1ndez de la Due\u00f1a. Tambi\u00e9n se ha contado con la asistencia de la teniente de alcalde de Servicios Sociales e Igualdad del Ayuntamiento de Ibi, Montse Agull\u00f3.<\/p>\n\n\n\n<p>En la reuni\u00f3n se han tratado diferentes temas relevantes para la localidad, entre ellos el relacionado con el refuerzo en seguridad ciudadana que el pueblo de Ibi recibe llegadas las Fiestas Mayores de Moros y Cristianos, tanto en tema de seguridad en la calle como en los actos que se van a llevar a cabo, con el fin de evitar incidentes de cualquier tipo y que los vecinos y vecinas de Ibi y personas que visitan la localidad esos d\u00edas tengan unas fiestas tranquilas y seguras. En ese sentido, se destaca la colaboraci\u00f3n de Polic\u00eda Local y Guardia Civil en todos los d\u00edas de fiestas, y previos, y el refuerzo este a\u00f1o en las partidas rurales y barrios perif\u00e9ricos y diseminados, con el apoyo de la Guardia Civil en el servicio.<\/p>\n\n\n\n<figure class=\"wp-block-image size-large\"><img fetchpriority=\"high\" decoding=\"async\" width=\"1170\" height=\"864\" src=\"https:\/\/www.lafresca.fm\/f-solosog\/2024\/09\/JuntaLocal_SeguridadCiudadana-1170x864.jpg\" alt=\"\" class=\"wp-image-12469\" srcset=\"https:\/\/www.lafresca.fm\/f-solosog\/2024\/09\/JuntaLocal_SeguridadCiudadana-1170x864.jpg 1170w, https:\/\/www.lafresca.fm\/f-solosog\/2024\/09\/JuntaLocal_SeguridadCiudadana-770x569.jpg 770w, https:\/\/www.lafresca.fm\/f-solosog\/2024\/09\/JuntaLocal_SeguridadCiudadana-768x567.jpg 768w, https:\/\/www.lafresca.fm\/f-solosog\/2024\/09\/JuntaLocal_SeguridadCiudadana.jpg 1443w\" sizes=\"(max-width: 1170px) 100vw, 1170px\" \/><\/figure>\n\n\n\n<p>Adem\u00e1s, se ha solicitado el apoyo de la USECIC (Unidad de Seguridad Ciudadana de la Guardia Civil) para las noches del 13 y 14 de septiembre. Se colocar\u00e1n, igualmente, bloques de hormig\u00f3n en zonas estrat\u00e9gicas para evitar la entrada de veh\u00edculos a gran velocidad en calles multitudinarias.<\/p>\n\n\n\n<p>Seg\u00fan informes de la Guardia Civil, la tasa delictiva de Ibi est\u00e1 por debajo de la media de la provincia y los delitos que m\u00e1s se registran son los que se realizan contra el patrimonio. Hasta la primera mitad del a\u00f1o 2024, la situaci\u00f3n delictiva ha disminuido respecto a la de 2023. Adem\u00e1s, se destaca la colaboraci\u00f3n entre Guardia Civil y Polic\u00eda Local ante la falta de personal que ha habido, a la que ya se le est\u00e1 dando soluci\u00f3n, y para, sobre todo, casos de tr\u00e1fico de drogas.<\/p>\n\n\n\n<p>Por otra parte, se han tratado las acciones que se llevar\u00e1n a cabo de prevenci\u00f3n de agresiones de car\u00e1cter sexual, con la existencia de Puntos Violeta en diferentes puntos del centro urbano durante el transcurso de las fiestas. Son los puntos organizados desde las concejal\u00edas de Servicios Sociales y Diversidad del Ayuntamiento de Ibi y con la colaboraci\u00f3n y dinamizaci\u00f3n por parte de la Cruz Roja Ibi, Onil, Castalla y Tibi que, cuyo objetivo va a ser el de informar, prevenir y servir como puntos de apoyo a los que acudir ante cualquier incidencia o duda.<\/p>\n\n\n\n<p>En cuanto a esta \u00faltima cuesti\u00f3n, se ha informado en la reuni\u00f3n del leve aumento de la violencia de g\u00e9nero, un 1,49% respecto al a\u00f1o anterior que, aunque no es altamente significativo comparado con otros municipios, no deja de ser una preocupaci\u00f3n constante que se debe continuar abordando desde el consistorio. Se insiste, adem\u00e1s, en que se debe estar especialmente vigilantes ante el aumento de la criminalidad contra la libertad sexual y, con mayor intensidad en el periodo estival y en celebraciones de fiestas locales.<\/p>\n<script>function PlayerjsAsync(){} if(window[\"Playerjs\"]){PlayerjsAsync();}<\/script>","protected":false},"excerpt":{"rendered":"<p>El Ayuntamiento de Ibi celebraba la pasada semana la Junta Local de Seguridad Ciudadana previa a las Fiestas de Moros y Cristianos de Ibi 2024, con la presencia del subdelegado del gobierno, Juan Antonio Nieves Mart\u00ednez; el alcalde de Ibi, Sergio Carrasco Mart\u00ednez; la oficial de la Polic\u00eda Local de ...<\/p>\n","protected":false},"author":2,"featured_media":12469,"comment_status":"closed","ping_status":"closed","sticky":false,"template":"","format":"standard","meta":{"_monsterinsights_skip_tracking":false,"_monsterinsights_sitenote_active":false,"_monsterinsights_sitenote_note":"","_monsterinsights_sitenote_category":0,"footnotes":""},"categories":[4],"tags":[128],"class_list":["post-12468","post","type-post","status-publish","format-standard","has-post-thumbnail","hentry","category-alicante","tag-ibi"],"aioseo_notices":[],"_links":{"self":[{"href":"https:\/\/www.lafresca.fm\/fresca-api-json\/wp\/v2\/posts\/12468","targetHints":{"allow":["GET"]}}],"collection":[{"href":"https:\/\/www.lafresca.fm\/fresca-api-json\/wp\/v2\/posts"}],"about":[{"href":"https:\/\/www.lafresca.fm\/fresca-api-json\/wp\/v2\/types\/post"}],"author":[{"embeddable":true,"href":"https:\/\/www.lafresca.fm\/fresca-api-json\/wp\/v2\/users\/2"}],"replies":[{"embeddable":true,"href":"https:\/\/www.lafresca.fm\/fresca-api-json\/wp\/v2\/comments?post=12468"}],"version-history":[{"count":1,"href":"https:\/\/www.lafresca.fm\/fresca-api-json\/wp\/v2\/posts\/12468\/revisions"}],"predecessor-version":[{"id":12470,"href":"https:\/\/www.lafresca.fm\/fresca-api-json\/wp\/v2\/posts\/12468\/revisions\/12470"}],"wp:featuredmedia":[{"embeddable":true,"href":"https:\/\/www.lafresca.fm\/fresca-api-json\/wp\/v2\/media\/12469"}],"wp:attachment":[{"href":"https:\/\/www.lafresca.fm\/fresca-api-json\/wp\/v2\/media?parent=12468"}],"wp:term":[{"taxonomy":"category","embeddable":true,"href":"https:\/\/www.lafresca.fm\/fresca-api-json\/wp\/v2\/categories?post=12468"},{"taxonomy":"post_tag","embeddable":true,"href":"https:\/\/www.lafresca.fm\/fresca-api-json\/wp\/v2\/tags?post=12468"}],"curies":[{"name":"wp","href":"https:\/\/api.w.org\/{rel}","templated":true}]}}