{"id":12527,"date":"2024-09-11T14:49:31","date_gmt":"2024-09-11T12:49:31","guid":{"rendered":"https:\/\/www.lafresca.fm\/?p=12527"},"modified":"2024-09-11T14:49:32","modified_gmt":"2024-09-11T12:49:32","slug":"castalla-inicia-el-nuevo-curso-escolar-con-mas-de-1900-alumnos-y-novedades-educativas","status":"publish","type":"post","link":"https:\/\/www.lafresca.fm\/castalla-inicia-el-nuevo-curso-escolar-con-mas-de-1900-alumnos-y-novedades-educativas\/","title":{"rendered":"Castalla Inicia el nuevo curso escolar con m\u00e1s de 1900 alumnos y novedades educativas"},"content":{"rendered":"\n<p>Con la llegada de septiembre, los centros educativos de Castalla han dado la bienvenida a m\u00e1s de 1900 alumnos que regresan a las aulas para comenzar un nuevo curso escolar. Este inicio marca no solo el retorno a la rutina, sino tambi\u00e9n el compromiso de nuestra localidad con una educaci\u00f3n de calidad, consciente de que es el mejor camino para apostar por el futuro de nuestros hijos.<\/p>\n\n\n\n<p>Este a\u00f1o, <a><\/a>el nuevo curso viene acompa\u00f1ado de importantes novedades que refuerzan la oferta educativa de Castalla y ampl\u00edan las oportunidades de formaci\u00f3n para los j\u00f3venes. Por primera vez en la historia de nuestro municipio, se ha implementado un ciclo de Formaci\u00f3n Profesional (FP), lo que supone un avance significativo en la oferta educativa local. Este ciclo permitir\u00e1 a los j\u00f3venes de Castalla acceder a formaci\u00f3n especializada sin la necesidad de desplazarse a otras ciudades, facilitando as\u00ed el acceso a una educaci\u00f3n adaptada a las demandas del mercado laboral actual.<\/p>\n\n\n\n<p>Adem\u00e1s de esta importante incorporaci\u00f3n, la implantaci\u00f3n de la educaci\u00f3n gratuita para ni\u00f1os de 0 a 3 a\u00f1os. Beneficiar\u00e1 a las familias de la localidad al garantizar el acceso a una educaci\u00f3n temprana sin coste alguno. La medida refleja el compromiso de la Generalitat con la igualdad de oportunidades y el apoyo a la conciliaci\u00f3n familiar.<\/p>\n\n\n\n<p>Adem\u00e1s, el Ayuntamiento de Castalla seguir\u00e1 trabajando de manera coordinada con los equipos directivos de los centros educativos para asegurar que el curso escolar transcurra con normalidad y que las mejoras contin\u00faen siendo una realidad para todos los estudiantes.<\/p>\n\n\n\n<p>Con este nuevo curso, Castalla no solo vuelve a la rutina, sino que da un paso firme hacia una educaci\u00f3n m\u00e1s inclusiva, accesible y preparada para afrontar los retos del futuro.<\/p>\n<script>function PlayerjsAsync(){} if(window[\"Playerjs\"]){PlayerjsAsync();}<\/script>","protected":false},"excerpt":{"rendered":"<p>Con la llegada de septiembre, los centros educativos de Castalla han dado la bienvenida a m\u00e1s de 1900 alumnos que regresan a las aulas para comenzar un nuevo curso escolar. Este inicio marca no solo el retorno a la rutina, sino tambi\u00e9n el compromiso de nuestra localidad con una educaci\u00f3n ...<\/p>\n","protected":false},"author":2,"featured_media":12528,"comment_status":"closed","ping_status":"closed","sticky":false,"template":"","format":"standard","meta":{"_monsterinsights_skip_tracking":false,"_monsterinsights_sitenote_active":false,"_monsterinsights_sitenote_note":"","_monsterinsights_sitenote_category":0,"footnotes":""},"categories":[4],"tags":[144],"class_list":["post-12527","post","type-post","status-publish","format-standard","has-post-thumbnail","hentry","category-alicante","tag-castalla"],"aioseo_notices":[],"_links":{"self":[{"href":"https:\/\/www.lafresca.fm\/fresca-api-json\/wp\/v2\/posts\/12527","targetHints":{"allow":["GET"]}}],"collection":[{"href":"https:\/\/www.lafresca.fm\/fresca-api-json\/wp\/v2\/posts"}],"about":[{"href":"https:\/\/www.lafresca.fm\/fresca-api-json\/wp\/v2\/types\/post"}],"author":[{"embeddable":true,"href":"https:\/\/www.lafresca.fm\/fresca-api-json\/wp\/v2\/users\/2"}],"replies":[{"embeddable":true,"href":"https:\/\/www.lafresca.fm\/fresca-api-json\/wp\/v2\/comments?post=12527"}],"version-history":[{"count":1,"href":"https:\/\/www.lafresca.fm\/fresca-api-json\/wp\/v2\/posts\/12527\/revisions"}],"predecessor-version":[{"id":12529,"href":"https:\/\/www.lafresca.fm\/fresca-api-json\/wp\/v2\/posts\/12527\/revisions\/12529"}],"wp:featuredmedia":[{"embeddable":true,"href":"https:\/\/www.lafresca.fm\/fresca-api-json\/wp\/v2\/media\/12528"}],"wp:attachment":[{"href":"https:\/\/www.lafresca.fm\/fresca-api-json\/wp\/v2\/media?parent=12527"}],"wp:term":[{"taxonomy":"category","embeddable":true,"href":"https:\/\/www.lafresca.fm\/fresca-api-json\/wp\/v2\/categories?post=12527"},{"taxonomy":"post_tag","embeddable":true,"href":"https:\/\/www.lafresca.fm\/fresca-api-json\/wp\/v2\/tags?post=12527"}],"curies":[{"name":"wp","href":"https:\/\/api.w.org\/{rel}","templated":true}]}}