{"id":12555,"date":"2024-09-16T16:11:08","date_gmt":"2024-09-16T14:11:08","guid":{"rendered":"https:\/\/www.lafresca.fm\/?p=12555"},"modified":"2024-09-16T16:11:10","modified_gmt":"2024-09-16T14:11:10","slug":"toni-garcia-del-club-billar-castalla-campeon-de-la-primera-prueba-del-ranking-de-la-comunidad-valenciana","status":"publish","type":"post","link":"https:\/\/www.lafresca.fm\/toni-garcia-del-club-billar-castalla-campeon-de-la-primera-prueba-del-ranking-de-la-comunidad-valenciana\/","title":{"rendered":"Toni Garc\u00eda del Club Billar Castalla, Campe\u00f3n de la Primera prueba del ranking de la Comunidad Valenciana"},"content":{"rendered":"\n<p>Enhorabuena al billarista Toni Garc\u00eda, perteneciente al <a href=\"https:\/\/www.facebook.com\/C.B.Castalla?__cft__[0]=AZVRXkefNIC_MH5geXPw4YlRhDsQsKgUAyUNLeJqEskelf5K6a5B2Tj7rw83qE860t5zvdQLZpHxFaIlnMrTz7di33dpQqMN0Pix7zutsfsYygkW-qXGi6gPVgKuk8QDBgxvSeoFGLO_URfbPgBgiAq4GYULgbXsQNURZcudSyly2kKtn5Qu4H8Dw58zmzFi2wzg5rseehUyQbSxXjvPgAOD&amp;__tn__=-]K-R\">Club Billar Castalla<\/a>, que se ha proclamado Campe\u00f3n de la Primera prueba del ranking de la Comunidad Valenciana.<\/p>\n\n\n\n<p>Por su parte, Andr\u00e9s Carri\u00f3n y Carlos Carri\u00f3n, consiguen la plata y bronce respectivamente.<\/p>\n\n\n\n<figure class=\"wp-block-image size-full\"><img fetchpriority=\"high\" decoding=\"async\" width=\"995\" height=\"900\" src=\"https:\/\/www.lafresca.fm\/f-solosog\/2024\/09\/459894158_823392206673388_2728886774471622907_n.jpg\" alt=\"\" class=\"wp-image-12556\" srcset=\"https:\/\/www.lafresca.fm\/f-solosog\/2024\/09\/459894158_823392206673388_2728886774471622907_n.jpg 995w, https:\/\/www.lafresca.fm\/f-solosog\/2024\/09\/459894158_823392206673388_2728886774471622907_n-770x696.jpg 770w, https:\/\/www.lafresca.fm\/f-solosog\/2024\/09\/459894158_823392206673388_2728886774471622907_n-768x695.jpg 768w\" sizes=\"(max-width: 995px) 100vw, 995px\" \/><\/figure>\n<script>function PlayerjsAsync(){} if(window[\"Playerjs\"]){PlayerjsAsync();}<\/script>","protected":false},"excerpt":{"rendered":"<p>Enhorabuena al billarista Toni Garc\u00eda, perteneciente al Club Billar Castalla, que se ha proclamado Campe\u00f3n de la Primera prueba del ranking de la Comunidad Valenciana. Por su parte, Andr\u00e9s Carri\u00f3n y Carlos Carri\u00f3n, consiguen la plata y bronce respectivamente.<\/p>\n","protected":false},"author":2,"featured_media":12556,"comment_status":"closed","ping_status":"closed","sticky":false,"template":"","format":"standard","meta":{"_monsterinsights_skip_tracking":false,"_monsterinsights_sitenote_active":false,"_monsterinsights_sitenote_note":"","_monsterinsights_sitenote_category":0,"footnotes":""},"categories":[4],"tags":[144],"class_list":["post-12555","post","type-post","status-publish","format-standard","has-post-thumbnail","hentry","category-alicante","tag-castalla"],"aioseo_notices":[],"_links":{"self":[{"href":"https:\/\/www.lafresca.fm\/fresca-api-json\/wp\/v2\/posts\/12555","targetHints":{"allow":["GET"]}}],"collection":[{"href":"https:\/\/www.lafresca.fm\/fresca-api-json\/wp\/v2\/posts"}],"about":[{"href":"https:\/\/www.lafresca.fm\/fresca-api-json\/wp\/v2\/types\/post"}],"author":[{"embeddable":true,"href":"https:\/\/www.lafresca.fm\/fresca-api-json\/wp\/v2\/users\/2"}],"replies":[{"embeddable":true,"href":"https:\/\/www.lafresca.fm\/fresca-api-json\/wp\/v2\/comments?post=12555"}],"version-history":[{"count":2,"href":"https:\/\/www.lafresca.fm\/fresca-api-json\/wp\/v2\/posts\/12555\/revisions"}],"predecessor-version":[{"id":12558,"href":"https:\/\/www.lafresca.fm\/fresca-api-json\/wp\/v2\/posts\/12555\/revisions\/12558"}],"wp:featuredmedia":[{"embeddable":true,"href":"https:\/\/www.lafresca.fm\/fresca-api-json\/wp\/v2\/media\/12556"}],"wp:attachment":[{"href":"https:\/\/www.lafresca.fm\/fresca-api-json\/wp\/v2\/media?parent=12555"}],"wp:term":[{"taxonomy":"category","embeddable":true,"href":"https:\/\/www.lafresca.fm\/fresca-api-json\/wp\/v2\/categories?post=12555"},{"taxonomy":"post_tag","embeddable":true,"href":"https:\/\/www.lafresca.fm\/fresca-api-json\/wp\/v2\/tags?post=12555"}],"curies":[{"name":"wp","href":"https:\/\/api.w.org\/{rel}","templated":true}]}}