{"id":12568,"date":"2024-09-17T12:52:22","date_gmt":"2024-09-17T10:52:22","guid":{"rendered":"https:\/\/www.lafresca.fm\/?p=12568"},"modified":"2024-09-17T12:52:23","modified_gmt":"2024-09-17T10:52:23","slug":"actiu-nominada-en-los-premios-esg-por-su-liderazgo-en-sostenibilidad","status":"publish","type":"post","link":"https:\/\/www.lafresca.fm\/actiu-nominada-en-los-premios-esg-por-su-liderazgo-en-sostenibilidad\/","title":{"rendered":"ACTIU, nominada en los Premios ESG por su liderazgo en sostenibilidad"},"content":{"rendered":"\n<p><a href=\"https:\/\/www.facebook.com\/sharer\/sharer.php?u=https%3A%2F%2Fwww.ibiae.com%2Fcontent%2Factiu-nominada-en-los-premios-esg-por-su-liderazgo-en-sostenibilidad%2F\" target=\"_blank\" rel=\"noreferrer noopener\"><\/a><a href=\"https:\/\/twitter.com\/intent\/tweet?text=ACTIU%2C%20nominada%20en%20los%20Premios%20ESG%20por%20su%20liderazgo%20en%20sostenibilidad&amp;url=https%3A%2F%2Fwww.ibiae.com%2Fcontent%2Factiu-nominada-en-los-premios-esg-por-su-liderazgo-en-sostenibilidad%2F\" target=\"_blank\" rel=\"noreferrer noopener\"><\/a><a href=\"https:\/\/www.linkedin.com\/sharing\/share-offsite\/?url=https%3A%2F%2Fwww.ibiae.com%2Fcontent%2Factiu-nominada-en-los-premios-esg-por-su-liderazgo-en-sostenibilidad%2F\" target=\"_blank\" rel=\"noreferrer noopener\"><\/a><a href=\"https:\/\/api.whatsapp.com\/send?text=ACTIU%2C%20nominada%20en%20los%20Premios%20ESG%20por%20su%20liderazgo%20en%20sostenibilidad%20https%3A%2F%2Fwww.ibiae.com%2Fcontent%2Factiu-nominada-en-los-premios-esg-por-su-liderazgo-en-sostenibilidad%2F\" target=\"_blank\" rel=\"noreferrer noopener\"><\/a>La empresa\u00a0<strong>ACTIU<\/strong>, asociada a\u00a0<strong>IBIAE<\/strong>\u00a0y referente en el dise\u00f1o de muebles de oficina, ha sido nominada en la categor\u00eda\u00a0<strong><a href=\"https:\/\/www.achilles.com\/es\/eventos\/i-jornada-premios-esg\/\">Evoluci\u00f3n ESG<\/a><\/strong>\u00a0en la\u00a0<strong>I Jornada de Premios ESG<\/strong>, organizada por\u00a0<strong>Achilles Group Limited<\/strong>. Este evento, que tendr\u00e1 lugar el pr\u00f3ximo\u00a0<strong>18 de septiembre de 2024<\/strong>, busca reconocer el compromiso de los proveedores con la sostenibilidad.<\/p>\n\n\n\n<p>En esta primera edici\u00f3n, ACTIU competir\u00e1 junto a otras destacadas empresas como&nbsp;<strong>Bale\u00e0ria<\/strong>,&nbsp;<strong>Eurofins IPROMA<\/strong>,&nbsp;<strong>iProspect Spain<\/strong>&nbsp;y&nbsp;<strong>Urbaser<\/strong>. Los&nbsp;<strong>Premios ESG<\/strong>&nbsp;celebran el esfuerzo en la implementaci\u00f3n de&nbsp;<strong>pr\u00e1cticas empresariales sostenibles<\/strong>&nbsp;alineadas con normativas como la&nbsp;<strong>Directiva sobre diligencia debida en materia de sostenibilidad<\/strong>&nbsp;(CSDDD) y los&nbsp;<strong>Objetivos de Desarrollo Sostenible de la ONU<\/strong>.<\/p>\n\n\n\n<p><strong>Sobre el evento<\/strong><\/p>\n\n\n\n<p>La&nbsp;<strong>I Jornada de Premios ESG<\/strong>&nbsp;se centra en destacar a las empresas miembros de la comunidad de Achilles que han demostrado un compromiso excepcional con la sostenibilidad. Durante el evento se premiar\u00e1n los logros en categor\u00edas como&nbsp;<strong>Excelencia ESG<\/strong>,&nbsp;<strong>Evoluci\u00f3n ESG<\/strong>,&nbsp;<strong>Evoluci\u00f3n ESG PYMEs<\/strong>&nbsp;y&nbsp;<strong>Huella Verde<\/strong>. Estos premios no solo reconocen el esfuerzo en la implementaci\u00f3n de pr\u00e1cticas responsables, sino que tambi\u00e9n buscan inspirar a otras empresas a seguir el camino hacia un futuro m\u00e1s sostenible.<\/p>\n\n\n\n<p><strong>Sobre ACTIU<\/strong><\/p>\n\n\n\n<p><strong>ACTIU<\/strong>, fundada en&nbsp;<strong>1968<\/strong>&nbsp;y con sede en&nbsp;<strong>Castalla<\/strong>, es una empresa que se ha consolidado como l\u00edder en el dise\u00f1o y fabricaci\u00f3n de mobiliario para proyectos nacionales e internacionales. Todos sus procesos productivos, desde la mecanizaci\u00f3n de la madera y el metal hasta los acabados, se realizan en su propia planta, lo que le permite ofrecer soluciones personalizadas. Adem\u00e1s,&nbsp;<strong>ACTIU<\/strong>&nbsp;ha sido reconocida por su firme compromiso con la sostenibilidad, siendo la primera compa\u00f1\u00eda industrial en el mundo en obtener las certificaciones&nbsp;<strong>Well v.2<\/strong>&nbsp;y&nbsp;<strong>Leed Platino<\/strong>. Este enfoque le ha permitido consolidarse como una empresa pionera en el sector.<\/p>\n\n\n\n<figure class=\"wp-block-image\"><img decoding=\"async\" src=\"https:\/\/www.ibiae.com\/wp-content\/uploads\/2024\/04\/SEDE-ACTIU-CASTALLA.jpg\" alt=\"\" class=\"wp-image-28511\"\/><\/figure>\n<script>function PlayerjsAsync(){} if(window[\"Playerjs\"]){PlayerjsAsync();}<\/script>","protected":false},"excerpt":{"rendered":"<p>La empresa\u00a0ACTIU, asociada a\u00a0IBIAE\u00a0y referente en el dise\u00f1o de muebles de oficina, ha sido nominada en la categor\u00eda\u00a0Evoluci\u00f3n ESG\u00a0en la\u00a0I Jornada de Premios ESG, organizada por\u00a0Achilles Group Limited. Este evento, que tendr\u00e1 lugar el pr\u00f3ximo\u00a018 de septiembre de 2024, busca reconocer el compromiso de los proveedores con la sostenibilidad. En ...<\/p>\n","protected":false},"author":2,"featured_media":12569,"comment_status":"closed","ping_status":"closed","sticky":false,"template":"","format":"standard","meta":{"_monsterinsights_skip_tracking":false,"_monsterinsights_sitenote_active":false,"_monsterinsights_sitenote_note":"","_monsterinsights_sitenote_category":0,"footnotes":""},"categories":[4],"tags":[156,144],"class_list":["post-12568","post","type-post","status-publish","format-standard","has-post-thumbnail","hentry","category-alicante","tag-actiu","tag-castalla"],"aioseo_notices":[],"_links":{"self":[{"href":"https:\/\/www.lafresca.fm\/fresca-api-json\/wp\/v2\/posts\/12568","targetHints":{"allow":["GET"]}}],"collection":[{"href":"https:\/\/www.lafresca.fm\/fresca-api-json\/wp\/v2\/posts"}],"about":[{"href":"https:\/\/www.lafresca.fm\/fresca-api-json\/wp\/v2\/types\/post"}],"author":[{"embeddable":true,"href":"https:\/\/www.lafresca.fm\/fresca-api-json\/wp\/v2\/users\/2"}],"replies":[{"embeddable":true,"href":"https:\/\/www.lafresca.fm\/fresca-api-json\/wp\/v2\/comments?post=12568"}],"version-history":[{"count":2,"href":"https:\/\/www.lafresca.fm\/fresca-api-json\/wp\/v2\/posts\/12568\/revisions"}],"predecessor-version":[{"id":12571,"href":"https:\/\/www.lafresca.fm\/fresca-api-json\/wp\/v2\/posts\/12568\/revisions\/12571"}],"wp:featuredmedia":[{"embeddable":true,"href":"https:\/\/www.lafresca.fm\/fresca-api-json\/wp\/v2\/media\/12569"}],"wp:attachment":[{"href":"https:\/\/www.lafresca.fm\/fresca-api-json\/wp\/v2\/media?parent=12568"}],"wp:term":[{"taxonomy":"category","embeddable":true,"href":"https:\/\/www.lafresca.fm\/fresca-api-json\/wp\/v2\/categories?post=12568"},{"taxonomy":"post_tag","embeddable":true,"href":"https:\/\/www.lafresca.fm\/fresca-api-json\/wp\/v2\/tags?post=12568"}],"curies":[{"name":"wp","href":"https:\/\/api.w.org\/{rel}","templated":true}]}}