{"id":12573,"date":"2024-09-17T15:15:19","date_gmt":"2024-09-17T13:15:19","guid":{"rendered":"https:\/\/www.lafresca.fm\/?p=12573"},"modified":"2024-09-17T15:15:21","modified_gmt":"2024-09-17T13:15:21","slug":"entrevista-al-club-trail-running-onil-7o-onil-trails-el-domingo-6-octubre-2024","status":"publish","type":"post","link":"https:\/\/www.lafresca.fm\/entrevista-al-club-trail-running-onil-7o-onil-trails-el-domingo-6-octubre-2024\/","title":{"rendered":"Entrevista al Club Trail Running Onil: &#8220;7\u00ba Onil Trails&#8221; el domingo 6 octubre 2024"},"content":{"rendered":"\n<p>Entrevista con Yago Ribera y Rafa Berenguer, componentes del Club Deportivo de Monta\u00f1a, Trail Running Onil, quienes nos han hablado del S\u00e9ptimo Onil Trails que se disputar\u00e1 el domingo 6 de octubre en la Villa colivenca con varias modalidades: 14K caminantes y corredores, 25K corredores y 40K corredores. <\/p>\n\n\n\n<p>Inscripciones en www.mychip.es <\/p>\n\n\n\n<figure class=\"wp-block-image size-large\"><img fetchpriority=\"high\" decoding=\"async\" width=\"1170\" height=\"878\" src=\"https:\/\/www.lafresca.fm\/f-solosog\/2024\/09\/onil-trails-17924-1170x878.jpg\" alt=\"\" class=\"wp-image-12576\" srcset=\"https:\/\/www.lafresca.fm\/f-solosog\/2024\/09\/onil-trails-17924-1170x878.jpg 1170w, https:\/\/www.lafresca.fm\/f-solosog\/2024\/09\/onil-trails-17924-770x578.jpg 770w, https:\/\/www.lafresca.fm\/f-solosog\/2024\/09\/onil-trails-17924-768x576.jpg 768w, https:\/\/www.lafresca.fm\/f-solosog\/2024\/09\/onil-trails-17924-1536x1152.jpg 1536w, https:\/\/www.lafresca.fm\/f-solosog\/2024\/09\/onil-trails-17924.jpg 1600w\" sizes=\"(max-width: 1170px) 100vw, 1170px\" \/><\/figure>\n\n\n\n<figure class=\"wp-block-image size-large\"><img decoding=\"async\" width=\"937\" height=\"1170\" src=\"https:\/\/www.lafresca.fm\/f-solosog\/2024\/09\/447634689_1138468507464183_2749772241474147592_n-937x1170.jpg\" alt=\"\" class=\"wp-image-12575\" srcset=\"https:\/\/www.lafresca.fm\/f-solosog\/2024\/09\/447634689_1138468507464183_2749772241474147592_n-937x1170.jpg 937w, https:\/\/www.lafresca.fm\/f-solosog\/2024\/09\/447634689_1138468507464183_2749772241474147592_n-616x770.jpg 616w, https:\/\/www.lafresca.fm\/f-solosog\/2024\/09\/447634689_1138468507464183_2749772241474147592_n-768x959.jpg 768w, https:\/\/www.lafresca.fm\/f-solosog\/2024\/09\/447634689_1138468507464183_2749772241474147592_n.jpg 1111w\" sizes=\"(max-width: 937px) 100vw, 937px\" \/><\/figure>\n\n\n\n<figure class=\"wp-block-audio\"><audio controls src=\"https:\/\/www.lafresca.fm\/f-solosog\/2024\/09\/Enrevista-Onil-Trails-17-9-24.mp3\"><\/audio><\/figure>\n\n\n\n<p><\/p>\n<script>function PlayerjsAsync(){} if(window[\"Playerjs\"]){PlayerjsAsync();}<\/script>","protected":false},"excerpt":{"rendered":"<p>Entrevista con Yago Ribera y Rafa Berenguer, componentes del Club Deportivo de Monta\u00f1a, Trail Running Onil, quienes nos han hablado del S\u00e9ptimo Onil Trails que se disputar\u00e1 el domingo 6 de octubre en la Villa colivenca con varias modalidades: 14K caminantes y corredores, 25K corredores y 40K corredores. Inscripciones en ...<\/p>\n","protected":false},"author":2,"featured_media":12576,"comment_status":"closed","ping_status":"closed","sticky":false,"template":"","format":"standard","meta":{"_monsterinsights_skip_tracking":false,"_monsterinsights_sitenote_active":false,"_monsterinsights_sitenote_note":"","_monsterinsights_sitenote_category":0,"footnotes":""},"categories":[4],"tags":[776,587],"class_list":["post-12573","post","type-post","status-publish","format-standard","has-post-thumbnail","hentry","category-alicante","tag-onil-trails","tag-trail-running-onil"],"aioseo_notices":[],"_links":{"self":[{"href":"https:\/\/www.lafresca.fm\/fresca-api-json\/wp\/v2\/posts\/12573","targetHints":{"allow":["GET"]}}],"collection":[{"href":"https:\/\/www.lafresca.fm\/fresca-api-json\/wp\/v2\/posts"}],"about":[{"href":"https:\/\/www.lafresca.fm\/fresca-api-json\/wp\/v2\/types\/post"}],"author":[{"embeddable":true,"href":"https:\/\/www.lafresca.fm\/fresca-api-json\/wp\/v2\/users\/2"}],"replies":[{"embeddable":true,"href":"https:\/\/www.lafresca.fm\/fresca-api-json\/wp\/v2\/comments?post=12573"}],"version-history":[{"count":2,"href":"https:\/\/www.lafresca.fm\/fresca-api-json\/wp\/v2\/posts\/12573\/revisions"}],"predecessor-version":[{"id":12578,"href":"https:\/\/www.lafresca.fm\/fresca-api-json\/wp\/v2\/posts\/12573\/revisions\/12578"}],"wp:featuredmedia":[{"embeddable":true,"href":"https:\/\/www.lafresca.fm\/fresca-api-json\/wp\/v2\/media\/12576"}],"wp:attachment":[{"href":"https:\/\/www.lafresca.fm\/fresca-api-json\/wp\/v2\/media?parent=12573"}],"wp:term":[{"taxonomy":"category","embeddable":true,"href":"https:\/\/www.lafresca.fm\/fresca-api-json\/wp\/v2\/categories?post=12573"},{"taxonomy":"post_tag","embeddable":true,"href":"https:\/\/www.lafresca.fm\/fresca-api-json\/wp\/v2\/tags?post=12573"}],"curies":[{"name":"wp","href":"https:\/\/api.w.org\/{rel}","templated":true}]}}