{"id":12615,"date":"2024-09-19T15:33:58","date_gmt":"2024-09-19T13:33:58","guid":{"rendered":"https:\/\/www.lafresca.fm\/?p=12615"},"modified":"2024-09-19T15:34:00","modified_gmt":"2024-09-19T13:34:00","slug":"lespai-paella-solidaria-parroquia-de-onil-a-beneficio-de-afem-sabado-21-de-septiembre-2024","status":"publish","type":"post","link":"https:\/\/www.lafresca.fm\/lespai-paella-solidaria-parroquia-de-onil-a-beneficio-de-afem-sabado-21-de-septiembre-2024\/","title":{"rendered":"L\u2019Espai: Paella Solidaria Parroquia de Onil a beneficio de AFEM. S\u00e1bado 21 de septiembre 2024"},"content":{"rendered":"\n<p>La Comissi\u00f3 del Nostre Senyor Robat de la Parroquia Santiago Ap\u00f3stol de Onil organiza una Paella Solidaria a beneficio de AFEM de la Foia de Castalla (Asociaci\u00f3n de Familiares y Personas con Enfermedad Mental). Ser\u00e1 este s\u00e1bado 21 de septiembre en la Comparsa Marrocs (Calle Pardo N.\u00ba 3 de Onil). <\/p>\n\n\n\n<p>El evento dar\u00e1 comienzo a las 12:00, aunque la paella para unas 300 personas se servir\u00e1 a las 14:00 aproximadamente.<\/p>\n\n\n\n<p>Hemos querido hablar con Santi Almaz\u00e1n, desde la Comissi\u00f3 del Nostre Senyor Robat, Caro Serrano y Julio Clavijo que vienen en representaci\u00f3n de AFEM Foia de Castalla<\/p>\n\n\n\n<figure class=\"wp-block-audio\"><audio controls src=\"https:\/\/www.lafresca.fm\/f-solosog\/2024\/09\/LESPAI-Paella-Afem-Parroquia-Onil.-19924-OK.mp3\"><\/audio><\/figure>\n\n\n\n<figure class=\"wp-block-image size-large\"><img fetchpriority=\"high\" decoding=\"async\" width=\"1170\" height=\"878\" src=\"https:\/\/www.lafresca.fm\/f-solosog\/2024\/09\/lespai-afem-parroqua-19924-1170x878.jpg\" alt=\"\" class=\"wp-image-12616\" srcset=\"https:\/\/www.lafresca.fm\/f-solosog\/2024\/09\/lespai-afem-parroqua-19924-1170x878.jpg 1170w, https:\/\/www.lafresca.fm\/f-solosog\/2024\/09\/lespai-afem-parroqua-19924-770x578.jpg 770w, https:\/\/www.lafresca.fm\/f-solosog\/2024\/09\/lespai-afem-parroqua-19924-768x576.jpg 768w, https:\/\/www.lafresca.fm\/f-solosog\/2024\/09\/lespai-afem-parroqua-19924-1536x1152.jpg 1536w, https:\/\/www.lafresca.fm\/f-solosog\/2024\/09\/lespai-afem-parroqua-19924.jpg 2000w\" sizes=\"(max-width: 1170px) 100vw, 1170px\" \/><\/figure>\n\n\n\n<p><\/p>\n<script>function PlayerjsAsync(){} if(window[\"Playerjs\"]){PlayerjsAsync();}<\/script>","protected":false},"excerpt":{"rendered":"<p>La Comissi\u00f3 del Nostre Senyor Robat de la Parroquia Santiago Ap\u00f3stol de Onil organiza una Paella Solidaria a beneficio de AFEM de la Foia de Castalla (Asociaci\u00f3n de Familiares y Personas con Enfermedad Mental). Ser\u00e1 este s\u00e1bado 21 de septiembre en la Comparsa Marrocs (Calle Pardo N.\u00ba 3 de Onil). ...<\/p>\n","protected":false},"author":2,"featured_media":12616,"comment_status":"closed","ping_status":"closed","sticky":false,"template":"","format":"standard","meta":{"_monsterinsights_skip_tracking":false,"_monsterinsights_sitenote_active":false,"_monsterinsights_sitenote_note":"","_monsterinsights_sitenote_category":0,"footnotes":""},"categories":[4],"tags":[462,472,637],"class_list":["post-12615","post","type-post","status-publish","format-standard","has-post-thumbnail","hentry","category-alicante","tag-afem","tag-lespai","tag-nostre-senyor-robat"],"aioseo_notices":[],"_links":{"self":[{"href":"https:\/\/www.lafresca.fm\/fresca-api-json\/wp\/v2\/posts\/12615","targetHints":{"allow":["GET"]}}],"collection":[{"href":"https:\/\/www.lafresca.fm\/fresca-api-json\/wp\/v2\/posts"}],"about":[{"href":"https:\/\/www.lafresca.fm\/fresca-api-json\/wp\/v2\/types\/post"}],"author":[{"embeddable":true,"href":"https:\/\/www.lafresca.fm\/fresca-api-json\/wp\/v2\/users\/2"}],"replies":[{"embeddable":true,"href":"https:\/\/www.lafresca.fm\/fresca-api-json\/wp\/v2\/comments?post=12615"}],"version-history":[{"count":2,"href":"https:\/\/www.lafresca.fm\/fresca-api-json\/wp\/v2\/posts\/12615\/revisions"}],"predecessor-version":[{"id":12620,"href":"https:\/\/www.lafresca.fm\/fresca-api-json\/wp\/v2\/posts\/12615\/revisions\/12620"}],"wp:featuredmedia":[{"embeddable":true,"href":"https:\/\/www.lafresca.fm\/fresca-api-json\/wp\/v2\/media\/12616"}],"wp:attachment":[{"href":"https:\/\/www.lafresca.fm\/fresca-api-json\/wp\/v2\/media?parent=12615"}],"wp:term":[{"taxonomy":"category","embeddable":true,"href":"https:\/\/www.lafresca.fm\/fresca-api-json\/wp\/v2\/categories?post=12615"},{"taxonomy":"post_tag","embeddable":true,"href":"https:\/\/www.lafresca.fm\/fresca-api-json\/wp\/v2\/tags?post=12615"}],"curies":[{"name":"wp","href":"https:\/\/api.w.org\/{rel}","templated":true}]}}