{"id":12629,"date":"2024-09-20T17:14:22","date_gmt":"2024-09-20T15:14:22","guid":{"rendered":"https:\/\/www.lafresca.fm\/?p=12629"},"modified":"2024-09-20T17:14:24","modified_gmt":"2024-09-20T15:14:24","slug":"entrevista-teatro-musical-romperse-el-27-y-28-de-septiembre-en-el-auditorio-de-castalla","status":"publish","type":"post","link":"https:\/\/www.lafresca.fm\/entrevista-teatro-musical-romperse-el-27-y-28-de-septiembre-en-el-auditorio-de-castalla\/","title":{"rendered":"Entrevista: Teatro Musical &#8220;Romperse&#8221;, el 27 y 28 de septiembre en el Auditorio de Castalla"},"content":{"rendered":"\n<ul class=\"wp-block-list\">\n<li>Hablamos con Maribel P\u00e9rez, Ainhoa Bernab\u00e9u y Toni Mira, actor y actrices de Romperse.<\/li>\n<\/ul>\n\n\n\n<p>El pr\u00f3ximo viernes 27 a las 20:00h, y el s\u00e1bado 28 de septiembre a las 19:00h, se pondr\u00e1 en escena el teatro musical, <strong>Romperse<\/strong>, bajo la direcci\u00f3n de <strong>Rebeca Cascales<\/strong> y <strong>H\u00e9ctor P\u00e9rez<\/strong> y escrito por <strong>Maribel P\u00e9rez Ribera<\/strong>. Ser\u00e1 en el Auditorio Municipal a beneficio de Manos Unidas de Castalla<\/p>\n\n\n\n<p>Consigue tus entradas en el Auditorio Municipal, Casa de Cultura y Forn de Pa Seva de Castalla <\/p>\n\n\n\n<p><strong>Sinopsis:<\/strong> Carolina, una estrella del pop, dej\u00f3 a su familia, a su amor y a sus amigos del pueblo para irse a triunfar en la ciudad. Todo le iba iban y era el astro que iluminaba a todas las j\u00f3venes del momento. Inesperadamente, recibe una carta que lo cambia todo: su madre ha fallecido. Ella debe volver al pueblo, donde se encuentra con su padre, que ha cambiado de sexo; con sus amigos; con su amor de toda la vida; y, desafortunadamente, con un periodista que busca descubrir cu\u00e1l es su pasado, su origen y la raz\u00f3n por la que lo ha estado escondiendo durante muchos a\u00f1os. \u00bfConseguir\u00e1 Carol volver a encajar en el pueblo? \u00bfPodr\u00e1 volver a pasar tiempo con aquellos que un d\u00eda fueron su prioridad?<\/p>\n\n\n\n<p><strong>M\u00fasica<\/strong>: Se trata de un teatro basado en la m\u00fasica de los 80\/90, por lo que muchas canciones de la \u00e9poca nos acompa\u00f1ar\u00e1n durante su puesta en escena.<\/p>\n\n\n\n<figure class=\"wp-block-audio\"><audio controls src=\"https:\/\/www.lafresca.fm\/f-solosog\/2024\/09\/Enrevista-Teatro-Romperse-20-9-24.mp3\"><\/audio><\/figure>\n\n\n\n<figure class=\"wp-block-image size-large\"><img fetchpriority=\"high\" decoding=\"async\" width=\"831\" height=\"1170\" src=\"https:\/\/www.lafresca.fm\/f-solosog\/2024\/09\/rom-831x1170.jpg\" alt=\"\" class=\"wp-image-12632\" srcset=\"https:\/\/www.lafresca.fm\/f-solosog\/2024\/09\/rom-831x1170.jpg 831w, https:\/\/www.lafresca.fm\/f-solosog\/2024\/09\/rom-547x770.jpg 547w, https:\/\/www.lafresca.fm\/f-solosog\/2024\/09\/rom-768x1081.jpg 768w, https:\/\/www.lafresca.fm\/f-solosog\/2024\/09\/rom.jpg 1019w\" sizes=\"(max-width: 831px) 100vw, 831px\" \/><\/figure>\n\n\n\n<figure class=\"wp-block-image size-large\"><img decoding=\"async\" width=\"1170\" height=\"878\" src=\"https:\/\/www.lafresca.fm\/f-solosog\/2024\/09\/teatro-romperse-castalla-20924-1170x878.jpg\" alt=\"\" class=\"wp-image-12631\" srcset=\"https:\/\/www.lafresca.fm\/f-solosog\/2024\/09\/teatro-romperse-castalla-20924-1170x878.jpg 1170w, https:\/\/www.lafresca.fm\/f-solosog\/2024\/09\/teatro-romperse-castalla-20924-770x578.jpg 770w, https:\/\/www.lafresca.fm\/f-solosog\/2024\/09\/teatro-romperse-castalla-20924-768x576.jpg 768w, https:\/\/www.lafresca.fm\/f-solosog\/2024\/09\/teatro-romperse-castalla-20924-1536x1152.jpg 1536w, https:\/\/www.lafresca.fm\/f-solosog\/2024\/09\/teatro-romperse-castalla-20924.jpg 2048w\" sizes=\"(max-width: 1170px) 100vw, 1170px\" \/><\/figure>\n\n\n\n<p><\/p>\n<script>function PlayerjsAsync(){} if(window[\"Playerjs\"]){PlayerjsAsync();}<\/script>","protected":false},"excerpt":{"rendered":"<p>El pr\u00f3ximo viernes 27 a las 20:00h, y el s\u00e1bado 28 de septiembre a las 19:00h, se pondr\u00e1 en escena el teatro musical, Romperse, bajo la direcci\u00f3n de Rebeca Cascales y H\u00e9ctor P\u00e9rez y escrito por Maribel P\u00e9rez Ribera. Ser\u00e1 en el Auditorio Municipal a beneficio de Manos Unidas de ...<\/p>\n","protected":false},"author":2,"featured_media":12631,"comment_status":"closed","ping_status":"closed","sticky":false,"template":"","format":"standard","meta":{"_monsterinsights_skip_tracking":false,"_monsterinsights_sitenote_active":false,"_monsterinsights_sitenote_note":"","_monsterinsights_sitenote_category":0,"footnotes":""},"categories":[4],"tags":[783,784],"class_list":["post-12629","post","type-post","status-publish","format-standard","has-post-thumbnail","hentry","category-alicante","tag-romperse","tag-teatro"],"aioseo_notices":[],"_links":{"self":[{"href":"https:\/\/www.lafresca.fm\/fresca-api-json\/wp\/v2\/posts\/12629","targetHints":{"allow":["GET"]}}],"collection":[{"href":"https:\/\/www.lafresca.fm\/fresca-api-json\/wp\/v2\/posts"}],"about":[{"href":"https:\/\/www.lafresca.fm\/fresca-api-json\/wp\/v2\/types\/post"}],"author":[{"embeddable":true,"href":"https:\/\/www.lafresca.fm\/fresca-api-json\/wp\/v2\/users\/2"}],"replies":[{"embeddable":true,"href":"https:\/\/www.lafresca.fm\/fresca-api-json\/wp\/v2\/comments?post=12629"}],"version-history":[{"count":2,"href":"https:\/\/www.lafresca.fm\/fresca-api-json\/wp\/v2\/posts\/12629\/revisions"}],"predecessor-version":[{"id":12634,"href":"https:\/\/www.lafresca.fm\/fresca-api-json\/wp\/v2\/posts\/12629\/revisions\/12634"}],"wp:featuredmedia":[{"embeddable":true,"href":"https:\/\/www.lafresca.fm\/fresca-api-json\/wp\/v2\/media\/12631"}],"wp:attachment":[{"href":"https:\/\/www.lafresca.fm\/fresca-api-json\/wp\/v2\/media?parent=12629"}],"wp:term":[{"taxonomy":"category","embeddable":true,"href":"https:\/\/www.lafresca.fm\/fresca-api-json\/wp\/v2\/categories?post=12629"},{"taxonomy":"post_tag","embeddable":true,"href":"https:\/\/www.lafresca.fm\/fresca-api-json\/wp\/v2\/tags?post=12629"}],"curies":[{"name":"wp","href":"https:\/\/api.w.org\/{rel}","templated":true}]}}