{"id":12671,"date":"2024-09-26T15:11:51","date_gmt":"2024-09-26T13:11:51","guid":{"rendered":"https:\/\/www.lafresca.fm\/?p=12671"},"modified":"2024-09-26T15:11:52","modified_gmt":"2024-09-26T13:11:52","slug":"lespai-oje-onil-y-carrera-de-autos-locos-en-la-feria-de-onil-es-mostra","status":"publish","type":"post","link":"https:\/\/www.lafresca.fm\/lespai-oje-onil-y-carrera-de-autos-locos-en-la-feria-de-onil-es-mostra\/","title":{"rendered":"L\u2019Espai: OJE Onil y Carrera de Autos Locos en la Feria de Onil es Mostra"},"content":{"rendered":"\n<figure class=\"wp-block-audio\"><audio controls src=\"https:\/\/www.lafresca.fm\/f-solosog\/2024\/09\/LESPAI-OJE-Y-AUTOSLOCOS-26924-OK.mp3\"><\/audio><\/figure>\n\n\n\n<p>Conocemos el trabajo que realiza la <strong>OJE<\/strong> de Onil y c\u00f3mo se organiza de cara a la Feria de <strong>Onil es Mostra<\/strong>, los d\u00edas 4, 5 y 6 de octubre, donde estar\u00e1n dando a conocer su trabajo. Adem\u00e1s, tambi\u00e9n colaboran en la organizaci\u00f3n de la Carrera de <strong>Autos Locos <\/strong>del 5 de octubre<\/p>\n\n\n\n<p>Hablamos con Vicente Pardines (Gus) organizador de la OJE y M\u00f3nica Fuster, T\u00e9cnica Dinamizadora del Espai Jove de Onil<\/p>\n\n\n\n<p>En la segunda parte, les preguntamos directamente a Ezequiel, Nico, Dani y Mario, quienes nos dan detalles de la fabricaci\u00f3n de sus &#8220;Autos&#8221; para ese d\u00eda. <\/p>\n\n\n\n<figure class=\"wp-block-image size-large\"><img fetchpriority=\"high\" decoding=\"async\" width=\"1170\" height=\"1088\" src=\"https:\/\/www.lafresca.fm\/f-solosog\/2024\/09\/lespai-oje-autoslocos-26924-1170x1088.jpg\" alt=\"\" class=\"wp-image-12672\" srcset=\"https:\/\/www.lafresca.fm\/f-solosog\/2024\/09\/lespai-oje-autoslocos-26924-1170x1088.jpg 1170w, https:\/\/www.lafresca.fm\/f-solosog\/2024\/09\/lespai-oje-autoslocos-26924-770x716.jpg 770w, https:\/\/www.lafresca.fm\/f-solosog\/2024\/09\/lespai-oje-autoslocos-26924-768x714.jpg 768w, https:\/\/www.lafresca.fm\/f-solosog\/2024\/09\/lespai-oje-autoslocos-26924-1536x1429.jpg 1536w, https:\/\/www.lafresca.fm\/f-solosog\/2024\/09\/lespai-oje-autoslocos-26924.jpg 1601w\" sizes=\"(max-width: 1170px) 100vw, 1170px\" \/><\/figure>\n\n\n\n<figure class=\"wp-block-image size-full\"><img decoding=\"async\" width=\"1080\" height=\"1080\" src=\"https:\/\/www.lafresca.fm\/f-solosog\/2024\/09\/autoslocos.jpg\" alt=\"\" class=\"wp-image-12674\" srcset=\"https:\/\/www.lafresca.fm\/f-solosog\/2024\/09\/autoslocos.jpg 1080w, https:\/\/www.lafresca.fm\/f-solosog\/2024\/09\/autoslocos-770x770.jpg 770w, https:\/\/www.lafresca.fm\/f-solosog\/2024\/09\/autoslocos-150x150.jpg 150w, https:\/\/www.lafresca.fm\/f-solosog\/2024\/09\/autoslocos-768x768.jpg 768w, https:\/\/www.lafresca.fm\/f-solosog\/2024\/09\/autoslocos-100x100.jpg 100w, https:\/\/www.lafresca.fm\/f-solosog\/2024\/09\/autoslocos-370x370.jpg 370w\" sizes=\"(max-width: 1080px) 100vw, 1080px\" \/><\/figure>\n\n\n\n<p><\/p>\n\n\n\n<ol start=\"2\" class=\"wp-block-list\"><\/ol>\n<script>function PlayerjsAsync(){} if(window[\"Playerjs\"]){PlayerjsAsync();}<\/script>","protected":false},"excerpt":{"rendered":"<p>Conocemos el trabajo que realiza la OJE de Onil y c\u00f3mo se organiza de cara a la Feria de Onil es Mostra, los d\u00edas 4, 5 y 6 de octubre, donde estar\u00e1n dando a conocer su trabajo. Adem\u00e1s, tambi\u00e9n colaboran en la organizaci\u00f3n de la Carrera de Autos Locos del ...<\/p>\n","protected":false},"author":2,"featured_media":12672,"comment_status":"closed","ping_status":"closed","sticky":false,"template":"","format":"standard","meta":{"_monsterinsights_skip_tracking":false,"_monsterinsights_sitenote_active":false,"_monsterinsights_sitenote_note":"","_monsterinsights_sitenote_category":0,"footnotes":""},"categories":[4],"tags":[788,472,133],"class_list":["post-12671","post","type-post","status-publish","format-standard","has-post-thumbnail","hentry","category-alicante","tag-autos-locos","tag-lespai","tag-onil"],"aioseo_notices":[],"_links":{"self":[{"href":"https:\/\/www.lafresca.fm\/fresca-api-json\/wp\/v2\/posts\/12671","targetHints":{"allow":["GET"]}}],"collection":[{"href":"https:\/\/www.lafresca.fm\/fresca-api-json\/wp\/v2\/posts"}],"about":[{"href":"https:\/\/www.lafresca.fm\/fresca-api-json\/wp\/v2\/types\/post"}],"author":[{"embeddable":true,"href":"https:\/\/www.lafresca.fm\/fresca-api-json\/wp\/v2\/users\/2"}],"replies":[{"embeddable":true,"href":"https:\/\/www.lafresca.fm\/fresca-api-json\/wp\/v2\/comments?post=12671"}],"version-history":[{"count":2,"href":"https:\/\/www.lafresca.fm\/fresca-api-json\/wp\/v2\/posts\/12671\/revisions"}],"predecessor-version":[{"id":12676,"href":"https:\/\/www.lafresca.fm\/fresca-api-json\/wp\/v2\/posts\/12671\/revisions\/12676"}],"wp:featuredmedia":[{"embeddable":true,"href":"https:\/\/www.lafresca.fm\/fresca-api-json\/wp\/v2\/media\/12672"}],"wp:attachment":[{"href":"https:\/\/www.lafresca.fm\/fresca-api-json\/wp\/v2\/media?parent=12671"}],"wp:term":[{"taxonomy":"category","embeddable":true,"href":"https:\/\/www.lafresca.fm\/fresca-api-json\/wp\/v2\/categories?post=12671"},{"taxonomy":"post_tag","embeddable":true,"href":"https:\/\/www.lafresca.fm\/fresca-api-json\/wp\/v2\/tags?post=12671"}],"curies":[{"name":"wp","href":"https:\/\/api.w.org\/{rel}","templated":true}]}}