{"id":12734,"date":"2024-09-30T13:17:30","date_gmt":"2024-09-30T11:17:30","guid":{"rendered":"https:\/\/www.lafresca.fm\/?p=12734"},"modified":"2024-09-30T13:17:32","modified_gmt":"2024-09-30T11:17:32","slug":"tres-colivencs-en-lo-mas-alto-del-podio-en-el-campeonato-de-espana-de-us-mtb-o-ix-bike-orientacion","status":"publish","type":"post","link":"https:\/\/www.lafresca.fm\/tres-colivencs-en-lo-mas-alto-del-podio-en-el-campeonato-de-espana-de-us-mtb-o-ix-bike-orientacion\/","title":{"rendered":"Tres colivencs en lo m\u00e1s alto del podio en el Campeonato de Espa\u00f1a de US MTB-O &#8211; IX Bike Orientacion"},"content":{"rendered":"\n<p>Un oro y dos platas es el resultado de la 6\u00aa prueba de la Liga Espa\u00f1ola de MTB-O 2024 &#8211; Campeonato de Espa\u00f1a de US MTB-O &#8211; IX Bike Orientacion Lorca, celebrado en Zarzadilla de Totana, Lorca ( Regi\u00f3n de Murcia).<\/p>\n\n\n\n<p><strong>PODIOS CV<\/strong><\/p>\n\n\n\n<p><img decoding=\"async\" height=\"16\" width=\"16\" src=\"https:\/\/static.xx.fbcdn.net\/images\/emoji.php\/v9\/t94\/1\/16\/1f947.png\" alt=\"\ud83e\udd47\"> Javier Marco Siles (<a href=\"https:\/\/www.facebook.com\/OrientacionUA?__cft__[0]=AZVLVPESBnJAL5LABuS-8R-AaCMnxCnPJNCyrxBxTxtd4FVoYLeFDzzFaDb17h7-WT-ALtcMjMa7r2-S_iVYd65O-EZu00tFmZBiQWazUzYHIVtNSvoBsBcJmoQLP9Rv4dK4910qgL6DGATkU0ggt8nIq9O7pA646qZOc877ZZ04Dct3_d0M2POLx1hcvyrX2BMI_nHdjG42PX2XRag-auOz&amp;__tn__=-]K-R\">Universitat d&#8217;Alacant Orientaci\u00f3<\/a>) &#8211; M20<\/p>\n\n\n\n<p><img decoding=\"async\" height=\"16\" width=\"16\" alt=\"\ud83e\udd48\" src=\"https:\/\/static.xx.fbcdn.net\/images\/emoji.php\/v9\/t15\/1\/16\/1f948.png\"><a><\/a>Cayo Sempere <a href=\"https:\/\/www.facebook.com\/CEColivenc?__cft__[0]=AZVLVPESBnJAL5LABuS-8R-AaCMnxCnPJNCyrxBxTxtd4FVoYLeFDzzFaDb17h7-WT-ALtcMjMa7r2-S_iVYd65O-EZu00tFmZBiQWazUzYHIVtNSvoBsBcJmoQLP9Rv4dK4910qgL6DGATkU0ggt8nIq9O7pA646qZOc877ZZ04Dct3_d0M2POLx1hcvyrX2BMI_nHdjG42PX2XRag-auOz&amp;__tn__=-]K-R\">(Centre Esportiu Coliven<\/a>c) &#8211; M20<\/p>\n\n\n\n<p><img decoding=\"async\" height=\"16\" width=\"16\" src=\"https:\/\/static.xx.fbcdn.net\/images\/emoji.php\/v9\/t15\/1\/16\/1f948.png\" alt=\"\ud83e\udd48\"> Miguel Marco Siles (CE Colivenc) &#8211; M15<\/p>\n\n\n\n<p>\u00a1Enhorabuena a los 3!<\/p>\n\n\n\n<figure class=\"wp-block-gallery has-nested-images columns-default is-cropped wp-block-gallery-1 is-layout-flex wp-block-gallery-is-layout-flex\">\n<figure class=\"wp-block-image size-large\"><img loading=\"lazy\" decoding=\"async\" width=\"689\" height=\"919\" data-id=\"12736\" src=\"https:\/\/www.lafresca.fm\/f-solosog\/2024\/09\/IMG_20240928_094240.jpg\" alt=\"\" class=\"wp-image-12736\" srcset=\"https:\/\/www.lafresca.fm\/f-solosog\/2024\/09\/IMG_20240928_094240.jpg 689w, https:\/\/www.lafresca.fm\/f-solosog\/2024\/09\/IMG_20240928_094240-577x770.jpg 577w\" sizes=\"(max-width: 689px) 100vw, 689px\" \/><\/figure>\n\n\n\n<figure class=\"wp-block-image size-large\"><img loading=\"lazy\" decoding=\"async\" width=\"1170\" height=\"780\" data-id=\"12739\" src=\"https:\/\/www.lafresca.fm\/f-solosog\/2024\/09\/461525765_1140067844372884_4692566957795652603_n-1170x780.jpg\" alt=\"\" class=\"wp-image-12739\" srcset=\"https:\/\/www.lafresca.fm\/f-solosog\/2024\/09\/461525765_1140067844372884_4692566957795652603_n-1170x780.jpg 1170w, https:\/\/www.lafresca.fm\/f-solosog\/2024\/09\/461525765_1140067844372884_4692566957795652603_n-770x513.jpg 770w, https:\/\/www.lafresca.fm\/f-solosog\/2024\/09\/461525765_1140067844372884_4692566957795652603_n-768x512.jpg 768w, https:\/\/www.lafresca.fm\/f-solosog\/2024\/09\/461525765_1140067844372884_4692566957795652603_n-1536x1024.jpg 1536w, https:\/\/www.lafresca.fm\/f-solosog\/2024\/09\/461525765_1140067844372884_4692566957795652603_n.jpg 2048w\" sizes=\"(max-width: 1170px) 100vw, 1170px\" \/><\/figure>\n\n\n\n<figure class=\"wp-block-image size-large\"><img loading=\"lazy\" decoding=\"async\" width=\"1170\" height=\"780\" data-id=\"12738\" src=\"https:\/\/www.lafresca.fm\/f-solosog\/2024\/09\/461649649_1140067911039544_5247017246121460423_n-1170x780.jpg\" alt=\"\" class=\"wp-image-12738\" srcset=\"https:\/\/www.lafresca.fm\/f-solosog\/2024\/09\/461649649_1140067911039544_5247017246121460423_n-1170x780.jpg 1170w, https:\/\/www.lafresca.fm\/f-solosog\/2024\/09\/461649649_1140067911039544_5247017246121460423_n-770x513.jpg 770w, https:\/\/www.lafresca.fm\/f-solosog\/2024\/09\/461649649_1140067911039544_5247017246121460423_n-768x512.jpg 768w, https:\/\/www.lafresca.fm\/f-solosog\/2024\/09\/461649649_1140067911039544_5247017246121460423_n-1536x1024.jpg 1536w, https:\/\/www.lafresca.fm\/f-solosog\/2024\/09\/461649649_1140067911039544_5247017246121460423_n.jpg 2048w\" sizes=\"(max-width: 1170px) 100vw, 1170px\" \/><\/figure>\n\n\n\n<figure class=\"wp-block-image size-large\"><img loading=\"lazy\" decoding=\"async\" width=\"1170\" height=\"780\" data-id=\"12737\" src=\"https:\/\/www.lafresca.fm\/f-solosog\/2024\/09\/461686299_1751077705631760_741676981699901785_n-1-1170x780.jpg\" alt=\"\" class=\"wp-image-12737\" srcset=\"https:\/\/www.lafresca.fm\/f-solosog\/2024\/09\/461686299_1751077705631760_741676981699901785_n-1-1170x780.jpg 1170w, https:\/\/www.lafresca.fm\/f-solosog\/2024\/09\/461686299_1751077705631760_741676981699901785_n-1-770x513.jpg 770w, https:\/\/www.lafresca.fm\/f-solosog\/2024\/09\/461686299_1751077705631760_741676981699901785_n-1-768x512.jpg 768w, https:\/\/www.lafresca.fm\/f-solosog\/2024\/09\/461686299_1751077705631760_741676981699901785_n-1.jpg 1440w\" sizes=\"(max-width: 1170px) 100vw, 1170px\" \/><\/figure>\n<\/figure>\n<script>function PlayerjsAsync(){} if(window[\"Playerjs\"]){PlayerjsAsync();}<\/script>","protected":false},"excerpt":{"rendered":"<p>Un oro y dos platas es el resultado de la 6\u00aa prueba de la Liga Espa\u00f1ola de MTB-O 2024 &#8211; Campeonato de Espa\u00f1a de US MTB-O &#8211; IX Bike Orientacion Lorca, celebrado en Zarzadilla de Totana, Lorca ( Regi\u00f3n de Murcia). PODIOS CV Javier Marco Siles (Universitat d&#8217;Alacant Orientaci\u00f3) &#8211; ...<\/p>\n","protected":false},"author":2,"featured_media":12735,"comment_status":"closed","ping_status":"closed","sticky":false,"template":"","format":"standard","meta":{"_monsterinsights_skip_tracking":false,"_monsterinsights_sitenote_active":false,"_monsterinsights_sitenote_note":"","_monsterinsights_sitenote_category":0,"footnotes":""},"categories":[4],"tags":[],"class_list":["post-12734","post","type-post","status-publish","format-standard","has-post-thumbnail","hentry","category-alicante"],"aioseo_notices":[],"_links":{"self":[{"href":"https:\/\/www.lafresca.fm\/fresca-api-json\/wp\/v2\/posts\/12734","targetHints":{"allow":["GET"]}}],"collection":[{"href":"https:\/\/www.lafresca.fm\/fresca-api-json\/wp\/v2\/posts"}],"about":[{"href":"https:\/\/www.lafresca.fm\/fresca-api-json\/wp\/v2\/types\/post"}],"author":[{"embeddable":true,"href":"https:\/\/www.lafresca.fm\/fresca-api-json\/wp\/v2\/users\/2"}],"replies":[{"embeddable":true,"href":"https:\/\/www.lafresca.fm\/fresca-api-json\/wp\/v2\/comments?post=12734"}],"version-history":[{"count":2,"href":"https:\/\/www.lafresca.fm\/fresca-api-json\/wp\/v2\/posts\/12734\/revisions"}],"predecessor-version":[{"id":12741,"href":"https:\/\/www.lafresca.fm\/fresca-api-json\/wp\/v2\/posts\/12734\/revisions\/12741"}],"wp:featuredmedia":[{"embeddable":true,"href":"https:\/\/www.lafresca.fm\/fresca-api-json\/wp\/v2\/media\/12735"}],"wp:attachment":[{"href":"https:\/\/www.lafresca.fm\/fresca-api-json\/wp\/v2\/media?parent=12734"}],"wp:term":[{"taxonomy":"category","embeddable":true,"href":"https:\/\/www.lafresca.fm\/fresca-api-json\/wp\/v2\/categories?post=12734"},{"taxonomy":"post_tag","embeddable":true,"href":"https:\/\/www.lafresca.fm\/fresca-api-json\/wp\/v2\/tags?post=12734"}],"curies":[{"name":"wp","href":"https:\/\/api.w.org\/{rel}","templated":true}]}}