{"id":12746,"date":"2024-09-30T18:40:13","date_gmt":"2024-09-30T16:40:13","guid":{"rendered":"https:\/\/www.lafresca.fm\/?p=12746"},"modified":"2024-09-30T18:40:14","modified_gmt":"2024-09-30T16:40:14","slug":"el-ibense-alejandro-verdu-consigue-el-campeonato-autonomico-junior-de-bmx","status":"publish","type":"post","link":"https:\/\/www.lafresca.fm\/el-ibense-alejandro-verdu-consigue-el-campeonato-autonomico-junior-de-bmx\/","title":{"rendered":"El ibense Alejandro Verd\u00fa consigue el Campeonato Auton\u00f3mico Junior de BMX"},"content":{"rendered":"\n<p>El circuito municipal de Alcoy fue el pasado s\u00e1bado 28 de septiembre el escenario del Campeonato Auton\u00f3mico de BMX, donde el ibense <strong>Alejandro Verd\u00fa<\/strong>, perteneciente al Club Bike Park Costablanca de Muchamiel, se proclamaba Campe\u00f3n Auton\u00f3mico en la categor\u00eda J\u00fanior.<\/p>\n\n\n\n<p>El evento deportivo que reuni\u00f3 a 90 corredores de toda la Comunidad Valenciana, ten\u00eda que haberse celebrado el pasado 21 de septiembre, pero tuvo que ser aplazado al 28 de septiembre debido a las inclemencias del tiempo.<\/p>\n\n\n\n<p>Esta competici\u00f3n es crucial, ya que determina a los campeones auton\u00f3micos en cada categor\u00eda y a los corredores que formar\u00e1n parte de la selecci\u00f3n auton\u00f3mica que nos representar\u00e1 en el Campeonato de Espa\u00f1a, que se llevar\u00e1 a cabo los pr\u00f3ximos 19 y 20 de octubre en Almu\u00f1\u00e9car, Granada.<\/p>\n\n\n\n<p>La competici\u00f3n cont\u00f3 con la presencia del presidente de la Federaci\u00f3n de Ciclismo de la Comunidad Valenciana, D. Jose Enrique Guti\u00e9rrez quien se encarg\u00f3 de entregar los trofeos a los campeones, celebrando as\u00ed el talento y esfuerzo de todos los participantes.<\/p>\n\n\n\n<figure class=\"wp-block-image size-full\"><img fetchpriority=\"high\" decoding=\"async\" width=\"960\" height=\"721\" src=\"https:\/\/www.lafresca.fm\/f-solosog\/2024\/09\/alejandro-1.jpg\" alt=\"\" class=\"wp-image-12747\" srcset=\"https:\/\/www.lafresca.fm\/f-solosog\/2024\/09\/alejandro-1.jpg 960w, https:\/\/www.lafresca.fm\/f-solosog\/2024\/09\/alejandro-1-770x578.jpg 770w, https:\/\/www.lafresca.fm\/f-solosog\/2024\/09\/alejandro-1-768x577.jpg 768w\" sizes=\"(max-width: 960px) 100vw, 960px\" \/><\/figure>\n\n\n\n<figure class=\"wp-block-image size-full\"><img decoding=\"async\" width=\"868\" height=\"650\" src=\"https:\/\/www.lafresca.fm\/f-solosog\/2024\/09\/alejandro-2.jpg\" alt=\"\" class=\"wp-image-12748\" srcset=\"https:\/\/www.lafresca.fm\/f-solosog\/2024\/09\/alejandro-2.jpg 868w, https:\/\/www.lafresca.fm\/f-solosog\/2024\/09\/alejandro-2-770x577.jpg 770w, https:\/\/www.lafresca.fm\/f-solosog\/2024\/09\/alejandro-2-768x575.jpg 768w\" sizes=\"(max-width: 868px) 100vw, 868px\" \/><\/figure>\n<script>function PlayerjsAsync(){} if(window[\"Playerjs\"]){PlayerjsAsync();}<\/script>","protected":false},"excerpt":{"rendered":"<p>El circuito municipal de Alcoy fue el pasado s\u00e1bado 28 de septiembre el escenario del Campeonato Auton\u00f3mico de BMX, donde el ibense Alejandro Verd\u00fa, perteneciente al Club Bike Park Costablanca de Muchamiel, se proclamaba Campe\u00f3n Auton\u00f3mico en la categor\u00eda J\u00fanior. El evento deportivo que reuni\u00f3 a 90 corredores de toda ...<\/p>\n","protected":false},"author":2,"featured_media":12748,"comment_status":"closed","ping_status":"closed","sticky":false,"template":"","format":"standard","meta":{"_monsterinsights_skip_tracking":false,"_monsterinsights_sitenote_active":false,"_monsterinsights_sitenote_note":"","_monsterinsights_sitenote_category":0,"footnotes":""},"categories":[4],"tags":[480,481,128],"class_list":["post-12746","post","type-post","status-publish","format-standard","has-post-thumbnail","hentry","category-alicante","tag-alejandro-verdu","tag-bmx","tag-ibi"],"aioseo_notices":[],"_links":{"self":[{"href":"https:\/\/www.lafresca.fm\/fresca-api-json\/wp\/v2\/posts\/12746","targetHints":{"allow":["GET"]}}],"collection":[{"href":"https:\/\/www.lafresca.fm\/fresca-api-json\/wp\/v2\/posts"}],"about":[{"href":"https:\/\/www.lafresca.fm\/fresca-api-json\/wp\/v2\/types\/post"}],"author":[{"embeddable":true,"href":"https:\/\/www.lafresca.fm\/fresca-api-json\/wp\/v2\/users\/2"}],"replies":[{"embeddable":true,"href":"https:\/\/www.lafresca.fm\/fresca-api-json\/wp\/v2\/comments?post=12746"}],"version-history":[{"count":2,"href":"https:\/\/www.lafresca.fm\/fresca-api-json\/wp\/v2\/posts\/12746\/revisions"}],"predecessor-version":[{"id":12750,"href":"https:\/\/www.lafresca.fm\/fresca-api-json\/wp\/v2\/posts\/12746\/revisions\/12750"}],"wp:featuredmedia":[{"embeddable":true,"href":"https:\/\/www.lafresca.fm\/fresca-api-json\/wp\/v2\/media\/12748"}],"wp:attachment":[{"href":"https:\/\/www.lafresca.fm\/fresca-api-json\/wp\/v2\/media?parent=12746"}],"wp:term":[{"taxonomy":"category","embeddable":true,"href":"https:\/\/www.lafresca.fm\/fresca-api-json\/wp\/v2\/categories?post=12746"},{"taxonomy":"post_tag","embeddable":true,"href":"https:\/\/www.lafresca.fm\/fresca-api-json\/wp\/v2\/tags?post=12746"}],"curies":[{"name":"wp","href":"https:\/\/api.w.org\/{rel}","templated":true}]}}