{"id":12774,"date":"2024-10-02T12:53:06","date_gmt":"2024-10-02T10:53:06","guid":{"rendered":"https:\/\/www.lafresca.fm\/?p=12774"},"modified":"2024-10-02T12:53:08","modified_gmt":"2024-10-02T10:53:08","slug":"javier-villa-damian-verdera-y-benito-perez-llegan-lideres-a-la-subida-a-la-subida-internacional-de-onil","status":"publish","type":"post","link":"https:\/\/www.lafresca.fm\/javier-villa-damian-verdera-y-benito-perez-llegan-lideres-a-la-subida-a-la-subida-internacional-de-onil\/","title":{"rendered":"Javier Villa, Dami\u00e1n Verdera y Benito P\u00e9rez, llegan l\u00edderes a la Subida a La Subida Internacional de Onil"},"content":{"rendered":"\n<p><strong>A falta de las pruebas de Onil e Ibiza, las tres categor\u00edas del CEM AUTOhebdo Sport est\u00e1n a\u00fan en el aire, siendo Dami\u00e1n Verdera el que m\u00e1s roza el t\u00edtulo en Onil en la categor\u00eda 2.<\/strong><\/p>\n\n\n\n<p>Una carrera nueva en el campeonato de Monta\u00f1a como la Subida Internacional de Onil, hace que todo sea imprevisible. Las tres categor\u00edas est\u00e1n por decidir y los l\u00edderes esperan no fallar.<\/p>\n\n\n\n<p>Recordemos que el Campeonato de Espa\u00f1a de Monta\u00f1a AUTOHebdo SPORT, lo componen cinco pruebas, de las que se suman los cinco mejores resultados, y la prueba de Onil, siendo la pen\u00faltima no estamos seguros de que decida los campeonatos.<\/p>\n\n\n\n<p>En&nbsp;<strong>Categor\u00eda 1<\/strong>, Javi Villa es el piloto a batir, aunque su rival m\u00e1s cercano, Jos\u00e9 Antonio L\u00f3pez Fombona, que va segundo, parece ser que abandona sus opciones ya que no estar\u00e1 presente en Onil, dejando las opciones de lucha a Gerard De La Casa, que llega tercero de la general y exprimir\u00e1 al m\u00e1ximo el potencial de su FORD para estar en lo m\u00e1s alto del p\u00f3dium.<\/p>\n\n\n\n<p>La&nbsp;<strong>Categor\u00eda 2<\/strong>&nbsp;cuenta con un Dami\u00e1n Verdera que ha sido constante a lo largo del campeonato y que llega l\u00edder a Onil tras la descalificaci\u00f3n en Chantada de Asenjo. La ventaja de Verdera y la no participaci\u00f3n de Asenjo en Onil, casi deja a Verdera acariciando el t\u00edtulo si cumple con los pron\u00f3sticos. En Onil, contamos seguido del l\u00edder, con la participaci\u00f3n del piloto de Totana, David C\u00e1novas.<\/p>\n\n\n\n<p>En&nbsp;<strong>Categor\u00eda 3<\/strong>, Benito P\u00e9rez es el l\u00edder indiscutible tras ser imbatible a lo largo de la temporada. Benito suma 75 puntos, y le sigue el joven Jordi Vilardell con 57 y Aitor Manso con 54. La lucha por el p\u00f3dium est\u00e1 servida y si Benito no falla, saldr\u00e1 de Onil acariciando su primer campeonato absoluto.<\/p>\n\n\n\n<p>Si hablamos del&nbsp;<strong>Campeonato de Monta\u00f1a de la Comunidad Valenciana<\/strong>, que cuenta con seis pruebas calendadas, y dos carreras por prueba, ser\u00e1n importantes los resultados del fin de semana a falta de disputar la subida al Garb\u00ed tras la de Onil.<\/p>\n\n\n\n<p>En&nbsp;<strong>Turismos<\/strong>, el l\u00edder de esta temporada es Mario Berm\u00fadez con su Renault Clio Cup seguido de los dos Seat Le\u00f3n de Antonio Arenas y Rub\u00e9n Marco.<\/p>\n\n\n\n<p>En&nbsp;<strong>Monoplazas<\/strong>, Ferr\u00e1n Cabrera, lidera la categor\u00eda, pero no puede dejar al favorito Carlos Archiles, que llega a Onil tercero tras perderse la participaci\u00f3n en Relleu. En la segunda posici\u00f3n del campeonato tenemos a Pablo Mart\u00ednez con un Speed Car GT.<\/p>\n\n\n\n<p>M\u00e1s informaci\u00f3n en&nbsp;<a rel=\"noreferrer noopener\" target=\"_blank\" href=\"https:\/\/subidaonil.es\/\">https:\/\/subidaonil.es<\/a><\/p>\n<script>function PlayerjsAsync(){} if(window[\"Playerjs\"]){PlayerjsAsync();}<\/script>","protected":false},"excerpt":{"rendered":"<p>A falta de las pruebas de Onil e Ibiza, las tres categor\u00edas del CEM AUTOhebdo Sport est\u00e1n a\u00fan en el aire, siendo Dami\u00e1n Verdera el que m\u00e1s roza el t\u00edtulo en Onil en la categor\u00eda 2. Una carrera nueva en el campeonato de Monta\u00f1a como la Subida Internacional de Onil, ...<\/p>\n","protected":false},"author":2,"featured_media":12775,"comment_status":"closed","ping_status":"closed","sticky":false,"template":"","format":"standard","meta":{"_monsterinsights_skip_tracking":false,"_monsterinsights_sitenote_active":false,"_monsterinsights_sitenote_note":"","_monsterinsights_sitenote_category":0,"footnotes":""},"categories":[4],"tags":[133,765],"class_list":["post-12774","post","type-post","status-publish","format-standard","has-post-thumbnail","hentry","category-alicante","tag-onil","tag-subida-onil"],"aioseo_notices":[],"_links":{"self":[{"href":"https:\/\/www.lafresca.fm\/fresca-api-json\/wp\/v2\/posts\/12774","targetHints":{"allow":["GET"]}}],"collection":[{"href":"https:\/\/www.lafresca.fm\/fresca-api-json\/wp\/v2\/posts"}],"about":[{"href":"https:\/\/www.lafresca.fm\/fresca-api-json\/wp\/v2\/types\/post"}],"author":[{"embeddable":true,"href":"https:\/\/www.lafresca.fm\/fresca-api-json\/wp\/v2\/users\/2"}],"replies":[{"embeddable":true,"href":"https:\/\/www.lafresca.fm\/fresca-api-json\/wp\/v2\/comments?post=12774"}],"version-history":[{"count":2,"href":"https:\/\/www.lafresca.fm\/fresca-api-json\/wp\/v2\/posts\/12774\/revisions"}],"predecessor-version":[{"id":12777,"href":"https:\/\/www.lafresca.fm\/fresca-api-json\/wp\/v2\/posts\/12774\/revisions\/12777"}],"wp:featuredmedia":[{"embeddable":true,"href":"https:\/\/www.lafresca.fm\/fresca-api-json\/wp\/v2\/media\/12775"}],"wp:attachment":[{"href":"https:\/\/www.lafresca.fm\/fresca-api-json\/wp\/v2\/media?parent=12774"}],"wp:term":[{"taxonomy":"category","embeddable":true,"href":"https:\/\/www.lafresca.fm\/fresca-api-json\/wp\/v2\/categories?post=12774"},{"taxonomy":"post_tag","embeddable":true,"href":"https:\/\/www.lafresca.fm\/fresca-api-json\/wp\/v2\/tags?post=12774"}],"curies":[{"name":"wp","href":"https:\/\/api.w.org\/{rel}","templated":true}]}}