{"id":12804,"date":"2024-10-03T16:34:41","date_gmt":"2024-10-03T14:34:41","guid":{"rendered":"https:\/\/www.lafresca.fm\/?p=12804"},"modified":"2024-10-03T16:35:01","modified_gmt":"2024-10-03T14:35:01","slug":"este-domingo-se-presentan-los-13-equipos-del-cb-teixereta-temporada-2024-25","status":"publish","type":"post","link":"https:\/\/www.lafresca.fm\/este-domingo-se-presentan-los-13-equipos-del-cb-teixereta-temporada-2024-25\/","title":{"rendered":"Este domingo se presentan los 13 equipos del CB Teixereta temporada 2024-25"},"content":{"rendered":"\n<p>El domingo 6 de octubre a las 12:15 de la ma\u00f1ana tendr\u00e1 lugar la Presentaci\u00f3n de todos los 13 equipos del CB Teixereta para la temporada 2024-25 en el Pabell\u00f3n 1 del Polideportivo Derramador de Ibi.<\/p>\n\n\n\n<p>A continuaci\u00f3n los Ball Angels, equipo de baloncesto adaptado, jugar\u00e1n un peque\u00f1o partido entre ellos.<\/p>\n\n\n\n<p>Antes y despu\u00e9s del partido hay preparada una rifa de 4 pases VIP para el partido del Valencia Basket Masculino vs B\u00e0squet Girona del 7 de Diciembre y entradas para el partido del Valencia Basket Femenino del 28 de Diciembre\u00a0contra\u00a0Hozono Global Jairis de Alcantarilla. Todo esto gracias a Caixa Popular.<\/p>\n\n\n\n<p>Durante el fin de semana se disputar\u00e1n m\u00faltiples partidos como preludio a la gran fiesta del Baloncesto Ibense vs clubes como CB Castalla, Muro B\u00e0squet, CD Onil, Basket San Gabriel y SCD Carolinas de Alicante <\/p>\n\n\n\n<p>Todos los aficionados al baloncesto ibense quedan invitados a la misma para unirse a la gran fiesta del Baloncesto Ibense.<\/p>\n\n\n\n<figure class=\"wp-block-image size-large\"><img fetchpriority=\"high\" decoding=\"async\" width=\"936\" height=\"1170\" src=\"https:\/\/www.lafresca.fm\/f-solosog\/2024\/10\/Cartel-Presentacion-936x1170.jpg\" alt=\"\" class=\"wp-image-12805\" srcset=\"https:\/\/www.lafresca.fm\/f-solosog\/2024\/10\/Cartel-Presentacion-936x1170.jpg 936w, https:\/\/www.lafresca.fm\/f-solosog\/2024\/10\/Cartel-Presentacion-616x770.jpg 616w, https:\/\/www.lafresca.fm\/f-solosog\/2024\/10\/Cartel-Presentacion-768x960.jpg 768w, https:\/\/www.lafresca.fm\/f-solosog\/2024\/10\/Cartel-Presentacion.jpg 1080w\" sizes=\"(max-width: 936px) 100vw, 936px\" \/><\/figure>\n\n\n\n<figure class=\"wp-block-image size-large\"><img decoding=\"async\" width=\"936\" height=\"1170\" src=\"https:\/\/www.lafresca.fm\/f-solosog\/2024\/10\/Horarios-presentacion-936x1170.jpg\" alt=\"\" class=\"wp-image-12806\" srcset=\"https:\/\/www.lafresca.fm\/f-solosog\/2024\/10\/Horarios-presentacion-936x1170.jpg 936w, https:\/\/www.lafresca.fm\/f-solosog\/2024\/10\/Horarios-presentacion-616x770.jpg 616w, https:\/\/www.lafresca.fm\/f-solosog\/2024\/10\/Horarios-presentacion-768x960.jpg 768w, https:\/\/www.lafresca.fm\/f-solosog\/2024\/10\/Horarios-presentacion.jpg 1080w\" sizes=\"(max-width: 936px) 100vw, 936px\" \/><\/figure>\n<script>function PlayerjsAsync(){} if(window[\"Playerjs\"]){PlayerjsAsync();}<\/script>","protected":false},"excerpt":{"rendered":"<p>El domingo 6 de octubre a las 12:15 de la ma\u00f1ana tendr\u00e1 lugar la Presentaci\u00f3n de todos los 13 equipos del CB Teixereta para la temporada 2024-25 en el Pabell\u00f3n 1 del Polideportivo Derramador de Ibi. A continuaci\u00f3n los Ball Angels, equipo de baloncesto adaptado, jugar\u00e1n un peque\u00f1o partido entre ...<\/p>\n","protected":false},"author":2,"featured_media":12805,"comment_status":"closed","ping_status":"closed","sticky":false,"template":"","format":"standard","meta":{"_monsterinsights_skip_tracking":false,"_monsterinsights_sitenote_active":false,"_monsterinsights_sitenote_note":"","_monsterinsights_sitenote_category":0,"footnotes":""},"categories":[4],"tags":[128],"class_list":["post-12804","post","type-post","status-publish","format-standard","has-post-thumbnail","hentry","category-alicante","tag-ibi"],"aioseo_notices":[],"_links":{"self":[{"href":"https:\/\/www.lafresca.fm\/fresca-api-json\/wp\/v2\/posts\/12804","targetHints":{"allow":["GET"]}}],"collection":[{"href":"https:\/\/www.lafresca.fm\/fresca-api-json\/wp\/v2\/posts"}],"about":[{"href":"https:\/\/www.lafresca.fm\/fresca-api-json\/wp\/v2\/types\/post"}],"author":[{"embeddable":true,"href":"https:\/\/www.lafresca.fm\/fresca-api-json\/wp\/v2\/users\/2"}],"replies":[{"embeddable":true,"href":"https:\/\/www.lafresca.fm\/fresca-api-json\/wp\/v2\/comments?post=12804"}],"version-history":[{"count":2,"href":"https:\/\/www.lafresca.fm\/fresca-api-json\/wp\/v2\/posts\/12804\/revisions"}],"predecessor-version":[{"id":12808,"href":"https:\/\/www.lafresca.fm\/fresca-api-json\/wp\/v2\/posts\/12804\/revisions\/12808"}],"wp:featuredmedia":[{"embeddable":true,"href":"https:\/\/www.lafresca.fm\/fresca-api-json\/wp\/v2\/media\/12805"}],"wp:attachment":[{"href":"https:\/\/www.lafresca.fm\/fresca-api-json\/wp\/v2\/media?parent=12804"}],"wp:term":[{"taxonomy":"category","embeddable":true,"href":"https:\/\/www.lafresca.fm\/fresca-api-json\/wp\/v2\/categories?post=12804"},{"taxonomy":"post_tag","embeddable":true,"href":"https:\/\/www.lafresca.fm\/fresca-api-json\/wp\/v2\/tags?post=12804"}],"curies":[{"name":"wp","href":"https:\/\/api.w.org\/{rel}","templated":true}]}}