{"id":12837,"date":"2024-10-07T16:08:38","date_gmt":"2024-10-07T14:08:38","guid":{"rendered":"https:\/\/www.lafresca.fm\/?p=12837"},"modified":"2024-10-07T16:13:58","modified_gmt":"2024-10-07T14:13:58","slug":"castalla-se-adhiere-a-la-agencia-valenciana-de-proteccion-del-territorio","status":"publish","type":"post","link":"https:\/\/www.lafresca.fm\/castalla-se-adhiere-a-la-agencia-valenciana-de-proteccion-del-territorio\/","title":{"rendered":"Castalla se adhiere a la Agencia Valenciana de Protecci\u00f3n del Territorio"},"content":{"rendered":"\n<p>El Ayuntamiento de Castalla aprobaba en la sesi\u00f3n celebrada el d\u00eda 25 de septiembre de 2024, adherirse a la Ag\u00e8ncia Valenciana de Protecci\u00f3 del Territori, de conformidad con lo que establecen los Estatutos del mencionado organismo.<\/p>\n\n\n\n<p>Esta agencia es un organismo de la\u00a0<em><strong>Generalitat Valenciana<\/strong><\/em>\u00a0con competencias auton\u00f3micas en materia de protecci\u00f3n de la legalidad urban\u00edstica. Su objeto es proteger el territorio, respeto\u00a0<em><strong>infracciones graves o muy graves\u00a0<\/strong><\/em>cometidos en<strong>\u00a0<em>suelo no urbanizable<\/em><\/strong>, com\u00fan o protegido en los municipios adheridos. En definitiva, tiene la finalidad esencial de velar por la utilizaci\u00f3n legal del suelo. Esta adhesi\u00f3n supone la puesta en marcha de diferentes medidas con las cuales se tendr\u00e1 un mayor control sobre las infracciones urban\u00edsticas en el t\u00e9rmino municipal de Castalla <\/p>\n\n\n\n<p>Seg\u00fan ha destacado el alcalde de Castalla, Jes\u00fas L\u00f3pez Blanco, &#8220;el municipio de Castalla se caracteriza por tener un elevado n\u00famero de construcciones fuera de ordenaci\u00f3n urbana, cerca de 3.000 viviendas, y desde que entr\u00f3 en vigor el procedimiento de minimizaci\u00f3n para regularizarlas, son muchos los propietarios que se est\u00e1n acogiendo a este proceso, que les permitir\u00e1 legalizar sus construcciones&#8221;<\/p>\n\n\n\n<p><\/p>\n\n\n\n<p><\/p>\n\n\n\n<p><\/p>\n\n\n\n<p><\/p>\n<script>function PlayerjsAsync(){} if(window[\"Playerjs\"]){PlayerjsAsync();}<\/script>","protected":false},"excerpt":{"rendered":"<p>El Ayuntamiento de Castalla aprobaba en la sesi\u00f3n celebrada el d\u00eda 25 de septiembre de 2024, adherirse a la Ag\u00e8ncia Valenciana de Protecci\u00f3 del Territori, de conformidad con lo que establecen los Estatutos del mencionado organismo. Esta agencia es un organismo de la\u00a0Generalitat Valenciana\u00a0con competencias auton\u00f3micas en materia de protecci\u00f3n ...<\/p>\n","protected":false},"author":2,"featured_media":12841,"comment_status":"closed","ping_status":"closed","sticky":false,"template":"","format":"standard","meta":{"_monsterinsights_skip_tracking":false,"_monsterinsights_sitenote_active":false,"_monsterinsights_sitenote_note":"","_monsterinsights_sitenote_category":0,"footnotes":""},"categories":[4],"tags":[144],"class_list":["post-12837","post","type-post","status-publish","format-standard","has-post-thumbnail","hentry","category-alicante","tag-castalla"],"aioseo_notices":[],"_links":{"self":[{"href":"https:\/\/www.lafresca.fm\/fresca-api-json\/wp\/v2\/posts\/12837","targetHints":{"allow":["GET"]}}],"collection":[{"href":"https:\/\/www.lafresca.fm\/fresca-api-json\/wp\/v2\/posts"}],"about":[{"href":"https:\/\/www.lafresca.fm\/fresca-api-json\/wp\/v2\/types\/post"}],"author":[{"embeddable":true,"href":"https:\/\/www.lafresca.fm\/fresca-api-json\/wp\/v2\/users\/2"}],"replies":[{"embeddable":true,"href":"https:\/\/www.lafresca.fm\/fresca-api-json\/wp\/v2\/comments?post=12837"}],"version-history":[{"count":2,"href":"https:\/\/www.lafresca.fm\/fresca-api-json\/wp\/v2\/posts\/12837\/revisions"}],"predecessor-version":[{"id":12842,"href":"https:\/\/www.lafresca.fm\/fresca-api-json\/wp\/v2\/posts\/12837\/revisions\/12842"}],"wp:featuredmedia":[{"embeddable":true,"href":"https:\/\/www.lafresca.fm\/fresca-api-json\/wp\/v2\/media\/12841"}],"wp:attachment":[{"href":"https:\/\/www.lafresca.fm\/fresca-api-json\/wp\/v2\/media?parent=12837"}],"wp:term":[{"taxonomy":"category","embeddable":true,"href":"https:\/\/www.lafresca.fm\/fresca-api-json\/wp\/v2\/categories?post=12837"},{"taxonomy":"post_tag","embeddable":true,"href":"https:\/\/www.lafresca.fm\/fresca-api-json\/wp\/v2\/tags?post=12837"}],"curies":[{"name":"wp","href":"https:\/\/api.w.org\/{rel}","templated":true}]}}