{"id":12843,"date":"2024-10-07T16:27:30","date_gmt":"2024-10-07T14:27:30","guid":{"rendered":"https:\/\/www.lafresca.fm\/?p=12843"},"modified":"2024-10-07T16:27:32","modified_gmt":"2024-10-07T14:27:32","slug":"los-ciudadanos-de-la-comarca-se-unen-en-la-plataforma-ciutadana-de-la-foia-de-castalla","status":"publish","type":"post","link":"https:\/\/www.lafresca.fm\/los-ciudadanos-de-la-comarca-se-unen-en-la-plataforma-ciutadana-de-la-foia-de-castalla\/","title":{"rendered":"Los ciudadanos de la comarca se unen en la &#8220;Plataforma ciutadana de la Foia de Castalla&#8221;"},"content":{"rendered":"\n<p>En la \u00faltima reuni\u00f3n de trabajo, los grupos de vecinos y asociaciones que defienden la implantaci\u00f3n de las energ\u00edas renovables de manera sostenible, social y ecol\u00f3gica, decidiron agruparse alrededor de la Plataforma creada en Tibi, para actuar unidos en defensa de los intereses de toda la comarca.<\/p>\n\n\n\n<p>Nace as\u00ed la &#8220;Plataforma ciudadana de la Foia de Castalla&#8221; puesto que, seg\u00fan reconocen, no tiene sentido ir cada cual por su lado, porque perder\u00edamos capacidad y eficacia que es lo que m\u00e1s necesitamos.<\/p>\n\n\n\n<p>Desde la plataforma declaran que c\u00f3mo ocurrir\u00e1 en el proyecto FV Castalla, que est\u00e1 en puertas de iniciar el contencioso, hemos hablado de hacer un fondo com\u00fan solidario que haga frente a los imprevistos judiciales cuando sea necesario.<\/p>\n\n\n\n<figure class=\"wp-block-image size-large\"><img fetchpriority=\"high\" decoding=\"async\" width=\"1170\" height=\"878\" src=\"https:\/\/www.lafresca.fm\/f-solosog\/2024\/10\/reunio2-1-1170x878.jpg\" alt=\"\" class=\"wp-image-12844\" srcset=\"https:\/\/www.lafresca.fm\/f-solosog\/2024\/10\/reunio2-1-1170x878.jpg 1170w, https:\/\/www.lafresca.fm\/f-solosog\/2024\/10\/reunio2-1-770x578.jpg 770w, https:\/\/www.lafresca.fm\/f-solosog\/2024\/10\/reunio2-1-768x576.jpg 768w, https:\/\/www.lafresca.fm\/f-solosog\/2024\/10\/reunio2-1.jpg 1280w\" sizes=\"(max-width: 1170px) 100vw, 1170px\" \/><\/figure>\n\n\n\n<p>En breve comenzar\u00e1n a realizar campa\u00f1as de sensibilizaci\u00f3n y movilizaci\u00f3n dirigidas a la ciudadan\u00eda de la comarca y tambi\u00e9n para recaudar fondos. Estas actividades se har\u00e1n en com\u00fan para que todos los vecinos de La Foia tomen conciencia de que las consecuencias de los proyectos nos afectan a todos. Los fondos que se recojan, servir\u00e1n para defender a la comarca ante cualquier acontecimiento que se presente. &#8220;Sabemos que en los proyectos de las fotovoltaicas que ya est\u00e1n en marcha se establecen las bases para ampliar la extensi\u00f3n si a las empresas les funcionan las plantas proyectadas.&#8221;<\/p>\n\n\n\n<p>Desde la propia plataforma afirman que para ellos ya es un \u00e9xito que nos hayamos unido para trabajar por nuestra comarca, como lo es que la presi\u00f3n haya hecho su efecto para darnos \u00e1nimos. Este trabajo no ha hecho m\u00e1s que empezar, y es que existen otros proyectos que necesitan del esfuerzo de todos para su paralizaci\u00f3n.<\/p>\n\n\n\n<p>Por \u00faltimo, hacen un llamamiento a toda la ciudadan\u00eda y asociaciones para que se unan a este movimiento ciudadano en defensa del medio ambiente, de nuestra tierra, de la flora y de la fauna y de nuestros paisajes. Renovables s\u00ed, pero \u00abno de cualquier manera\u00bb. Os recordamos un correo a trav\u00e9s del cual podr\u00e9is contactar con nosotros: macroplantesno@gmail.com<\/p>\n<script>function PlayerjsAsync(){} if(window[\"Playerjs\"]){PlayerjsAsync();}<\/script>","protected":false},"excerpt":{"rendered":"<p>En la \u00faltima reuni\u00f3n de trabajo, los grupos de vecinos y asociaciones que defienden la implantaci\u00f3n de las energ\u00edas renovables de manera sostenible, social y ecol\u00f3gica, decidiron agruparse alrededor de la Plataforma creada en Tibi, para actuar unidos en defensa de los intereses de toda la comarca. Nace as\u00ed la ...<\/p>\n","protected":false},"author":2,"featured_media":12844,"comment_status":"closed","ping_status":"closed","sticky":false,"template":"","format":"standard","meta":{"_monsterinsights_skip_tracking":false,"_monsterinsights_sitenote_active":false,"_monsterinsights_sitenote_note":"","_monsterinsights_sitenote_category":0,"footnotes":""},"categories":[4],"tags":[],"class_list":["post-12843","post","type-post","status-publish","format-standard","has-post-thumbnail","hentry","category-alicante"],"aioseo_notices":[],"_links":{"self":[{"href":"https:\/\/www.lafresca.fm\/fresca-api-json\/wp\/v2\/posts\/12843","targetHints":{"allow":["GET"]}}],"collection":[{"href":"https:\/\/www.lafresca.fm\/fresca-api-json\/wp\/v2\/posts"}],"about":[{"href":"https:\/\/www.lafresca.fm\/fresca-api-json\/wp\/v2\/types\/post"}],"author":[{"embeddable":true,"href":"https:\/\/www.lafresca.fm\/fresca-api-json\/wp\/v2\/users\/2"}],"replies":[{"embeddable":true,"href":"https:\/\/www.lafresca.fm\/fresca-api-json\/wp\/v2\/comments?post=12843"}],"version-history":[{"count":2,"href":"https:\/\/www.lafresca.fm\/fresca-api-json\/wp\/v2\/posts\/12843\/revisions"}],"predecessor-version":[{"id":12846,"href":"https:\/\/www.lafresca.fm\/fresca-api-json\/wp\/v2\/posts\/12843\/revisions\/12846"}],"wp:featuredmedia":[{"embeddable":true,"href":"https:\/\/www.lafresca.fm\/fresca-api-json\/wp\/v2\/media\/12844"}],"wp:attachment":[{"href":"https:\/\/www.lafresca.fm\/fresca-api-json\/wp\/v2\/media?parent=12843"}],"wp:term":[{"taxonomy":"category","embeddable":true,"href":"https:\/\/www.lafresca.fm\/fresca-api-json\/wp\/v2\/categories?post=12843"},{"taxonomy":"post_tag","embeddable":true,"href":"https:\/\/www.lafresca.fm\/fresca-api-json\/wp\/v2\/tags?post=12843"}],"curies":[{"name":"wp","href":"https:\/\/api.w.org\/{rel}","templated":true}]}}