{"id":12872,"date":"2024-10-10T12:02:18","date_gmt":"2024-10-10T10:02:18","guid":{"rendered":"https:\/\/www.lafresca.fm\/?p=12872"},"modified":"2024-10-10T12:02:25","modified_gmt":"2024-10-10T10:02:25","slug":"el-eje-industrial-de-la-foia-de-castalla-alcoia-comtat-y-vall-dalbaida-factura-9-400-millones-y-reclama-mas-suelo-e-infraestructuras","status":"publish","type":"post","link":"https:\/\/www.lafresca.fm\/el-eje-industrial-de-la-foia-de-castalla-alcoia-comtat-y-vall-dalbaida-factura-9-400-millones-y-reclama-mas-suelo-e-infraestructuras\/","title":{"rendered":"El eje industrial de la Foia de Castalla, Alcoi\u00e0-Comtat y Vall d\u2019Albaida factura 9.400 millones y reclama m\u00e1s suelo e infraestructuras"},"content":{"rendered":"\n<p>El tejido empresarial de las comarcas de la Foia de Castalla, la Vall d\u2019Albaida y el Alcoi\u00e0-Comtat alcanz\u00f3 en 2023 una facturaci\u00f3n anual de&nbsp;<strong>9.403 millones de euros<\/strong>, con 4.751 empresas que dan empleo a 46.574 personas. Estas cifras consolidan a esta regi\u00f3n como un motor econ\u00f3mico clave dentro de la Comunitat Valenciana, donde&nbsp;<strong>la industria representa un 55% de la facturaci\u00f3n total<\/strong>, con 1.330 empresas industriales de diversos sectores que generan 5.133 millones de euros y emplean a&nbsp;<strong>24.385 personas<\/strong>, tal y como reflejan las cifras del estudio llevado a cabo por la consultora Econ\u00f3micamente. Estas tres comarcas comprenden un total de&nbsp;<strong>66 poblaciones<\/strong>, con una poblaci\u00f3n censada en&nbsp;<strong>2022 de 225.517 habitantes<\/strong>, lo que refuerza la importancia del tejido empresarial de estas \u00e1reas en el desarrollo econ\u00f3mico regional.<\/p>\n\n\n\n<p>Estos datos fueron dados a conocer este lunes en la sede de&nbsp;<strong>IBIAE<\/strong>&nbsp;(Asociaci\u00f3n de Empresarios Foia de Castalla) por las asociaciones empresariales IBIAE, representada por H\u00e9ctor Torrente;&nbsp;<strong>COEVAL<\/strong>&nbsp;(Confederaci\u00f3n Empresarial de la Vall d\u2019Albaida), con la presencia de Vicent Donat; y&nbsp;<strong>FEDAC<\/strong>&nbsp;(Federaci\u00f3n Empresarial de l\u2019Alcoi\u00e0-Comtat), representada por Rafael Franc\u00e9s, que componen la Plataforma por la Reindustrializaci\u00f3n Territorial.<\/p>\n\n\n\n<p><strong>La industria textil, alimentaria y del pl\u00e1stico generan el 50% de la facturaci\u00f3n<\/strong><\/p>\n\n\n\n<p>El peso de los sectores principales en la industria de estos tres territorios est\u00e1 encabezado por la&nbsp;<strong>industria textil<\/strong>, que genera&nbsp;<strong>1.839 millones de euros<\/strong>, seguida de la&nbsp;<strong>industria alimentaria<\/strong>&nbsp;con&nbsp;<strong>1.514 millones de euros<\/strong>, y la&nbsp;<strong>industria del pl\u00e1stico<\/strong>, que aporta&nbsp;<strong>1.355 millones de euros<\/strong>. La facturaci\u00f3n conjunta de estos tres sectores asciende a&nbsp;<strong>4.708 millones de euros<\/strong>, lo que representa el&nbsp;<strong>50% de la facturaci\u00f3n total del territorio<\/strong>.<\/p>\n\n\n\n<p>Un factor clave en esta regi\u00f3n es el&nbsp;<strong>tama\u00f1o medio de las empresas<\/strong>, que les proporciona la flexibilidad necesaria para adaptarse a los cambiantes mercados globales, pero que tambi\u00e9n limita su capacidad para aprovechar las econom\u00edas de escala y competir en mercados m\u00e1s amplios.<\/p>\n\n\n\n<p><strong>Las empresas del territorio insisten en seguir siendo industriales y reclaman apoyo para lograrlo<\/strong><\/p>\n\n\n\n<p>Las tres asociaciones empresariales destacaron la importancia de estos resultados econ\u00f3micos para el territorio y subrayaron la necesidad de un mayor apoyo institucional.Asimismo<strong>,&nbsp;<\/strong>reclamaron m\u00e1s&nbsp;<strong>suelo industrial e infraestructuras de calidad<\/strong>,<strong>&nbsp;infraestructuras de comunicaciones para el transporte, infraestructuras energ\u00e9ticas e hidr\u00e1ulicas<\/strong>&nbsp;para poder atraer m\u00e1s personal cualificado y garantizar el desarrollo y la sostenibilidad del sector industrial de las comarcas, en un entorno global cada vez m\u00e1s competitivo.<\/p>\n\n\n\n<figure class=\"wp-block-image\"><img decoding=\"async\" src=\"https:\/\/www.ibiae.com\/wp-content\/uploads\/2024\/10\/IMG_7489-scaled-1024x768.jpg\" alt=\"\" class=\"wp-image-29800\"\/><\/figure>\n<script>function PlayerjsAsync(){} if(window[\"Playerjs\"]){PlayerjsAsync();}<\/script>","protected":false},"excerpt":{"rendered":"<p>El tejido empresarial de las comarcas de la Foia de Castalla, la Vall d\u2019Albaida y el Alcoi\u00e0-Comtat alcanz\u00f3 en 2023 una facturaci\u00f3n anual de&nbsp;9.403 millones de euros, con 4.751 empresas que dan empleo a 46.574 personas. Estas cifras consolidan a esta regi\u00f3n como un motor econ\u00f3mico clave dentro de la ...<\/p>\n","protected":false},"author":2,"featured_media":12873,"comment_status":"closed","ping_status":"closed","sticky":false,"template":"","format":"standard","meta":{"_monsterinsights_skip_tracking":false,"_monsterinsights_sitenote_active":false,"_monsterinsights_sitenote_note":"","_monsterinsights_sitenote_category":0,"footnotes":""},"categories":[4],"tags":[],"class_list":["post-12872","post","type-post","status-publish","format-standard","has-post-thumbnail","hentry","category-alicante"],"aioseo_notices":[],"_links":{"self":[{"href":"https:\/\/www.lafresca.fm\/fresca-api-json\/wp\/v2\/posts\/12872","targetHints":{"allow":["GET"]}}],"collection":[{"href":"https:\/\/www.lafresca.fm\/fresca-api-json\/wp\/v2\/posts"}],"about":[{"href":"https:\/\/www.lafresca.fm\/fresca-api-json\/wp\/v2\/types\/post"}],"author":[{"embeddable":true,"href":"https:\/\/www.lafresca.fm\/fresca-api-json\/wp\/v2\/users\/2"}],"replies":[{"embeddable":true,"href":"https:\/\/www.lafresca.fm\/fresca-api-json\/wp\/v2\/comments?post=12872"}],"version-history":[{"count":2,"href":"https:\/\/www.lafresca.fm\/fresca-api-json\/wp\/v2\/posts\/12872\/revisions"}],"predecessor-version":[{"id":12875,"href":"https:\/\/www.lafresca.fm\/fresca-api-json\/wp\/v2\/posts\/12872\/revisions\/12875"}],"wp:featuredmedia":[{"embeddable":true,"href":"https:\/\/www.lafresca.fm\/fresca-api-json\/wp\/v2\/media\/12873"}],"wp:attachment":[{"href":"https:\/\/www.lafresca.fm\/fresca-api-json\/wp\/v2\/media?parent=12872"}],"wp:term":[{"taxonomy":"category","embeddable":true,"href":"https:\/\/www.lafresca.fm\/fresca-api-json\/wp\/v2\/categories?post=12872"},{"taxonomy":"post_tag","embeddable":true,"href":"https:\/\/www.lafresca.fm\/fresca-api-json\/wp\/v2\/tags?post=12872"}],"curies":[{"name":"wp","href":"https:\/\/api.w.org\/{rel}","templated":true}]}}