{"id":12876,"date":"2024-10-10T16:10:06","date_gmt":"2024-10-10T14:10:06","guid":{"rendered":"https:\/\/www.lafresca.fm\/?p=12876"},"modified":"2024-10-10T16:10:23","modified_gmt":"2024-10-10T14:10:23","slug":"lespai-con-rosana-guill-12-de-octubre-fiesta-del-pilar-en-calle-de-la-menora-de-onil","status":"publish","type":"post","link":"https:\/\/www.lafresca.fm\/lespai-con-rosana-guill-12-de-octubre-fiesta-del-pilar-en-calle-de-la-menora-de-onil\/","title":{"rendered":"L\u2019Espai con Rosana Guill: 12 de octubre, Fiesta del Pilar en Calle de la Menora de Onil"},"content":{"rendered":"\n<figure class=\"wp-block-audio\"><audio controls src=\"https:\/\/www.lafresca.fm\/f-solosog\/2024\/10\/LESPAI-Vecinos-La-Menora-Onil-el-Pilar-101024-OK.mp3\"><\/audio><\/figure>\n\n\n\n<ul class=\"wp-block-list\">\n<li>El pr\u00f3ximo s\u00e1bado 12 de octubre se celebra la festividad del d\u00eda del Pilar o de la Hispanidad.<\/li>\n<\/ul>\n\n\n\n<p>En Onil tambi\u00e9n se celebra dicha festividad en la Calle Doctor Salcedo, antiguamente llamada Calle de la Menora, con diferentes actos religiosos, juegos tradicionales y sorteos. <\/p>\n\n\n\n<p>Hablamos Geles, Mar\u00eda, Mar y Pili, vecinas de esa calle y organizadoras de los actos, conjuntamente con el ayuntamiento de Onil, quienes nos cuentan c\u00f3mo se prepara esta tradici\u00f3n tan popular.<\/p>\n\n\n\n<figure class=\"wp-block-gallery has-nested-images columns-default is-cropped wp-block-gallery-1 is-layout-flex wp-block-gallery-is-layout-flex\">\n<figure class=\"wp-block-image size-large\"><img fetchpriority=\"high\" decoding=\"async\" width=\"663\" height=\"806\" data-id=\"12879\" src=\"https:\/\/www.lafresca.fm\/f-solosog\/2024\/10\/menora-1.jpg\" alt=\"\" class=\"wp-image-12879\" srcset=\"https:\/\/www.lafresca.fm\/f-solosog\/2024\/10\/menora-1.jpg 663w, https:\/\/www.lafresca.fm\/f-solosog\/2024\/10\/menora-1-633x770.jpg 633w\" sizes=\"(max-width: 663px) 100vw, 663px\" \/><\/figure>\n\n\n\n<figure class=\"wp-block-image size-large\"><img decoding=\"async\" width=\"640\" height=\"640\" data-id=\"12880\" src=\"https:\/\/www.lafresca.fm\/f-solosog\/2024\/10\/menora-2.jpg\" alt=\"\" class=\"wp-image-12880\" srcset=\"https:\/\/www.lafresca.fm\/f-solosog\/2024\/10\/menora-2.jpg 640w, https:\/\/www.lafresca.fm\/f-solosog\/2024\/10\/menora-2-150x150.jpg 150w, https:\/\/www.lafresca.fm\/f-solosog\/2024\/10\/menora-2-100x100.jpg 100w, https:\/\/www.lafresca.fm\/f-solosog\/2024\/10\/menora-2-370x370.jpg 370w\" sizes=\"(max-width: 640px) 100vw, 640px\" \/><\/figure>\n\n\n\n<figure class=\"wp-block-image size-large\"><img decoding=\"async\" width=\"1080\" height=\"1080\" data-id=\"12881\" src=\"https:\/\/www.lafresca.fm\/f-solosog\/2024\/10\/menora.jpg\" alt=\"\" class=\"wp-image-12881\" srcset=\"https:\/\/www.lafresca.fm\/f-solosog\/2024\/10\/menora.jpg 1080w, https:\/\/www.lafresca.fm\/f-solosog\/2024\/10\/menora-770x770.jpg 770w, https:\/\/www.lafresca.fm\/f-solosog\/2024\/10\/menora-150x150.jpg 150w, https:\/\/www.lafresca.fm\/f-solosog\/2024\/10\/menora-768x768.jpg 768w, https:\/\/www.lafresca.fm\/f-solosog\/2024\/10\/menora-100x100.jpg 100w, https:\/\/www.lafresca.fm\/f-solosog\/2024\/10\/menora-370x370.jpg 370w\" sizes=\"(max-width: 1080px) 100vw, 1080px\" \/><\/figure>\n<\/figure>\n<script>function PlayerjsAsync(){} if(window[\"Playerjs\"]){PlayerjsAsync();}<\/script>","protected":false},"excerpt":{"rendered":"<p>En Onil tambi\u00e9n se celebra dicha festividad en la Calle Doctor Salcedo, antiguamente llamada Calle de la Menora, con diferentes actos religiosos, juegos tradicionales y sorteos. Hablamos Geles, Mar\u00eda, Mar y Pili, vecinas de esa calle y organizadoras de los actos, conjuntamente con el ayuntamiento de Onil, quienes nos cuentan ...<\/p>\n","protected":false},"author":2,"featured_media":12881,"comment_status":"closed","ping_status":"closed","sticky":false,"template":"","format":"standard","meta":{"_monsterinsights_skip_tracking":false,"_monsterinsights_sitenote_active":false,"_monsterinsights_sitenote_note":"","_monsterinsights_sitenote_category":0,"footnotes":""},"categories":[4],"tags":[792,793,133],"class_list":["post-12876","post","type-post","status-publish","format-standard","has-post-thumbnail","hentry","category-alicante","tag-fiesta-del-pilar","tag-menora-onil","tag-onil"],"aioseo_notices":[],"_links":{"self":[{"href":"https:\/\/www.lafresca.fm\/fresca-api-json\/wp\/v2\/posts\/12876","targetHints":{"allow":["GET"]}}],"collection":[{"href":"https:\/\/www.lafresca.fm\/fresca-api-json\/wp\/v2\/posts"}],"about":[{"href":"https:\/\/www.lafresca.fm\/fresca-api-json\/wp\/v2\/types\/post"}],"author":[{"embeddable":true,"href":"https:\/\/www.lafresca.fm\/fresca-api-json\/wp\/v2\/users\/2"}],"replies":[{"embeddable":true,"href":"https:\/\/www.lafresca.fm\/fresca-api-json\/wp\/v2\/comments?post=12876"}],"version-history":[{"count":2,"href":"https:\/\/www.lafresca.fm\/fresca-api-json\/wp\/v2\/posts\/12876\/revisions"}],"predecessor-version":[{"id":12883,"href":"https:\/\/www.lafresca.fm\/fresca-api-json\/wp\/v2\/posts\/12876\/revisions\/12883"}],"wp:featuredmedia":[{"embeddable":true,"href":"https:\/\/www.lafresca.fm\/fresca-api-json\/wp\/v2\/media\/12881"}],"wp:attachment":[{"href":"https:\/\/www.lafresca.fm\/fresca-api-json\/wp\/v2\/media?parent=12876"}],"wp:term":[{"taxonomy":"category","embeddable":true,"href":"https:\/\/www.lafresca.fm\/fresca-api-json\/wp\/v2\/categories?post=12876"},{"taxonomy":"post_tag","embeddable":true,"href":"https:\/\/www.lafresca.fm\/fresca-api-json\/wp\/v2\/tags?post=12876"}],"curies":[{"name":"wp","href":"https:\/\/api.w.org\/{rel}","templated":true}]}}