{"id":12895,"date":"2024-10-11T17:14:29","date_gmt":"2024-10-11T15:14:29","guid":{"rendered":"https:\/\/www.lafresca.fm\/?p=12895"},"modified":"2024-10-11T17:14:44","modified_gmt":"2024-10-11T15:14:44","slug":"la-mitica-serie-aida-vuelve-al-cine-despues-de-10-anos-con-paco-leon","status":"publish","type":"post","link":"https:\/\/www.lafresca.fm\/la-mitica-serie-aida-vuelve-al-cine-despues-de-10-anos-con-paco-leon\/","title":{"rendered":"La m\u00edtica serie &#8216;Aida&#8217; vuelve al cine despu\u00e9s de 10 a\u00f1os con Paco Le\u00f3n"},"content":{"rendered":"\n<p>\u00a1Vuelve &#8220;A\u00edda&#8221; a la gran pantalla! La serie ic\u00f3nica que nos conquist\u00f3 regresa en forma de pel\u00edcula dirigida por Paco Le\u00f3n<\/p>\n\n\n\n<p>La nostalgia est\u00e1 en el aire, y para todos aquellos que crecimos con las ocurrencias de A\u00edda, Luisma, Chema, Mauricio y el resto de personajes inolvidables, \u00a1tenemos una gran noticia! Despu\u00e9s de diez a\u00f1os desde el final de la serie, Paco Le\u00f3n ha confirmado que &#8220;A\u00edda&#8221; tendr\u00e1 una pel\u00edcula, y no podemos estar m\u00e1s emocionados.<\/p>\n\n\n\n<h3 class=\"wp-block-heading\">\u00bfQu\u00e9 podemos esperar?<\/h3>\n\n\n\n<p>La pel\u00edcula, titulada <strong>&#8220;A\u00edda y Vuelta&#8221;<\/strong>, ser\u00e1 dirigida por el mism\u00edsimo Paco Le\u00f3n, quien tambi\u00e9n interpret\u00f3 al inolvidable Luisma en la serie. Este nuevo proyecto promete traernos todo lo que am\u00e1bamos de la serie: humor irreverente, situaciones absurdas y, por supuesto, ese toque de ternura que siempre estuvo presente en la trama.<\/p>\n\n\n\n<p>Seg\u00fan ha adelantado Paco Le\u00f3n, &#8220;A\u00edda y Vuelta&#8221; no ser\u00e1 simplemente un reencuentro de personajes, sino que explorar\u00e1 nuevas historias, manteniendo la esencia del barrio que nos hizo re\u00edr y llorar durante tantos a\u00f1os. La pel\u00edcula llega para recordarnos que las historias nunca mueren, y que siempre hay lugar para una segunda oportunidad.<\/p>\n\n\n\n<h3 class=\"wp-block-heading\">El legado de &#8220;A\u00edda&#8221;<\/h3>\n\n\n\n<p>&#8220;A\u00edda&#8221; fue un fen\u00f3meno en la televisi\u00f3n espa\u00f1ola, gan\u00e1ndose el cari\u00f1o de los espectadores con su retrato de la vida cotidiana de un barrio humilde. No solo nos hizo re\u00edr, sino que tambi\u00e9n toc\u00f3 temas sociales con inteligencia y coraz\u00f3n, lo que la convirti\u00f3 en una de las series m\u00e1s queridas y recordadas de la historia televisiva del pa\u00eds.<\/p>\n\n\n\n<p>Desde su final en 2014, los fans han pedido un reencuentro, y parece que Paco Le\u00f3n y el equipo han decidido hacer realidad este sue\u00f1o. Aunque a\u00fan no se ha confirmado la fecha de estreno, el anuncio ha generado una gran expectaci\u00f3n y ha devuelto la esperanza a los seguidores.<\/p>\n\n\n\n<h3 class=\"wp-block-heading\">\u00bfQui\u00e9nes volver\u00e1n?<\/h3>\n\n\n\n<p>Si bien no se han revelado muchos detalles sobre el elenco, ya es un hecho que Paco Le\u00f3n estar\u00e1 presente tanto detr\u00e1s como delante de las c\u00e1maras. Y conociendo el carisma y talento de los actores originales, es muy probable que veamos a muchos de ellos retomando sus papeles.<\/p>\n\n\n\n<p>\u00bfTe imaginas a Luisma yendo de nuevo al Bar Reinols? \u00bfO a Mauricio soltando alguna de sus frases pol\u00edticamente incorrectas? Todo esto es posible en la nueva pel\u00edcula, que promete hacernos re\u00edr y conmovernos como en los viejos tiempos.<\/p>\n\n\n\n<h3 class=\"wp-block-heading\">Lo que sabemos hasta ahora<\/h3>\n\n\n\n<ul class=\"wp-block-list\">\n<li><strong>T\u00edtulo de la pel\u00edcula:<\/strong> &#8220;A\u00edda y Vuelta&#8221;<\/li>\n\n\n\n<li><strong>Director:<\/strong> Paco Le\u00f3n<\/li>\n\n\n\n<li><strong>G\u00e9nero:<\/strong> Comedia<\/li>\n\n\n\n<li><strong>Fecha de estreno:<\/strong> A\u00fan por confirmar<\/li>\n\n\n\n<li><strong>\u00bfNuevas historias?:<\/strong> \u00a1S\u00ed! Habr\u00e1 sorpresas y nuevas tramas, pero con el esp\u00edritu de siempre.<\/li>\n<\/ul>\n\n\n\n<p>En laFRESCA, estaremos atentos para traerte todas las novedades de esta esperada pel\u00edcula. Mientras tanto, \u00bfpor qu\u00e9 no vuelves a ver tus cap\u00edtulos favoritos de &#8220;A\u00edda&#8221; para prepararte para este gran regreso? \u00a1La nostalgia est\u00e1 a flor de piel!<\/p>\n<script>function PlayerjsAsync(){} if(window[\"Playerjs\"]){PlayerjsAsync();}<\/script>","protected":false},"excerpt":{"rendered":"<p>\u00a1Vuelve &#8220;A\u00edda&#8221; a la gran pantalla! La serie ic\u00f3nica que nos conquist\u00f3 regresa en forma de pel\u00edcula dirigida por Paco Le\u00f3n<\/p>\n","protected":false},"author":1,"featured_media":12898,"comment_status":"closed","ping_status":"closed","sticky":false,"template":"","format":"standard","meta":{"_monsterinsights_skip_tracking":false,"_monsterinsights_sitenote_active":false,"_monsterinsights_sitenote_note":"","_monsterinsights_sitenote_category":0,"footnotes":""},"categories":[794],"tags":[],"class_list":["post-12895","post","type-post","status-publish","format-standard","has-post-thumbnail","hentry","category-television-series-cine"],"aioseo_notices":[],"_links":{"self":[{"href":"https:\/\/www.lafresca.fm\/fresca-api-json\/wp\/v2\/posts\/12895","targetHints":{"allow":["GET"]}}],"collection":[{"href":"https:\/\/www.lafresca.fm\/fresca-api-json\/wp\/v2\/posts"}],"about":[{"href":"https:\/\/www.lafresca.fm\/fresca-api-json\/wp\/v2\/types\/post"}],"author":[{"embeddable":true,"href":"https:\/\/www.lafresca.fm\/fresca-api-json\/wp\/v2\/users\/1"}],"replies":[{"embeddable":true,"href":"https:\/\/www.lafresca.fm\/fresca-api-json\/wp\/v2\/comments?post=12895"}],"version-history":[{"count":1,"href":"https:\/\/www.lafresca.fm\/fresca-api-json\/wp\/v2\/posts\/12895\/revisions"}],"predecessor-version":[{"id":12899,"href":"https:\/\/www.lafresca.fm\/fresca-api-json\/wp\/v2\/posts\/12895\/revisions\/12899"}],"wp:featuredmedia":[{"embeddable":true,"href":"https:\/\/www.lafresca.fm\/fresca-api-json\/wp\/v2\/media\/12898"}],"wp:attachment":[{"href":"https:\/\/www.lafresca.fm\/fresca-api-json\/wp\/v2\/media?parent=12895"}],"wp:term":[{"taxonomy":"category","embeddable":true,"href":"https:\/\/www.lafresca.fm\/fresca-api-json\/wp\/v2\/categories?post=12895"},{"taxonomy":"post_tag","embeddable":true,"href":"https:\/\/www.lafresca.fm\/fresca-api-json\/wp\/v2\/tags?post=12895"}],"curies":[{"name":"wp","href":"https:\/\/api.w.org\/{rel}","templated":true}]}}