{"id":12917,"date":"2024-10-16T09:33:32","date_gmt":"2024-10-16T07:33:32","guid":{"rendered":"https:\/\/www.lafresca.fm\/?p=12917"},"modified":"2024-10-16T09:33:32","modified_gmt":"2024-10-16T07:33:32","slug":"ibi-celebra-el-vi-mercadillo-del-juguete-antiguo-el-26-y-27-de-octubre","status":"publish","type":"post","link":"https:\/\/www.lafresca.fm\/ibi-celebra-el-vi-mercadillo-del-juguete-antiguo-el-26-y-27-de-octubre\/","title":{"rendered":"Ibi celebra el VI Mercadillo del Juguete Antiguo el 26 y 27 de octubre"},"content":{"rendered":"\n<p>Los pr\u00f3ximos 26 y 27 de octubre, el Museo del Juguete, con la inestimable colaboraci\u00f3n de los Amigos del Hospital del Juguete de Madrid, y el apoyo del Ayuntamiento de Ibi, organiza el VI Mercadillo del Juguete Antiguo de Ibi. Una cita entra\u00f1able para los nost\u00e1lgicos y amantes del juguete en sus diferentes etapas.<\/p>\n\n\n\n<p>Los juguetes fabricados en Ibi han formado parte de la infancia de muchos ni\u00f1os y ni\u00f1as de todo el mundo. Objetos que en la actualidad son capaces de despertar una ilusi\u00f3n que parec\u00eda olvidada, pero que persiste en los rincones de nuestra memoria. A trav\u00e9s de este evento, el Museo del Juguete pretende transmitir esa ilusi\u00f3n a todo el mundo, conectando al p\u00fablico en general con el coleccionismo.<\/p>\n\n\n\n<figure class=\"wp-block-image size-large\"><img fetchpriority=\"high\" decoding=\"async\" width=\"658\" height=\"1170\" src=\"https:\/\/www.lafresca.fm\/f-solosog\/2024\/10\/Mercadillo_2024-658x1170.jpg\" alt=\"\" class=\"wp-image-12919\" srcset=\"https:\/\/www.lafresca.fm\/f-solosog\/2024\/10\/Mercadillo_2024-658x1170.jpg 658w, https:\/\/www.lafresca.fm\/f-solosog\/2024\/10\/Mercadillo_2024-433x770.jpg 433w, https:\/\/www.lafresca.fm\/f-solosog\/2024\/10\/Mercadillo_2024-768x1365.jpg 768w, https:\/\/www.lafresca.fm\/f-solosog\/2024\/10\/Mercadillo_2024-864x1536.jpg 864w, https:\/\/www.lafresca.fm\/f-solosog\/2024\/10\/Mercadillo_2024-1153x2048.jpg 1153w, https:\/\/www.lafresca.fm\/f-solosog\/2024\/10\/Mercadillo_2024-scaled.jpg 1441w\" sizes=\"(max-width: 658px) 100vw, 658px\" \/><\/figure>\n\n\n\n<p>Durante un intenso fin de semana, coleccionistas de diferentes puntos del pa\u00eds van a estar mostrando parte de esos juguetes en los diversos puestos, ubicados en los exteriores del Museo del Juguete (plaza Nicol\u00e1s Pay\u00e1 Jover), que se podr\u00e1n visitar para comprar, intercambiar y hacer recordar momentos entra\u00f1ables. Tambi\u00e9n se podr\u00e1 acceder a las instalaciones del Museo del Juguete de forma gratuita, descubriendo el patrimonio que se conserva a trav\u00e9s de la muestra permanente y de la actual exposici\u00f3n temporal \u201cGrans i xicotets\u201d<\/p>\n\n\n\n<p>El horario de apertura del mercadillo ser\u00e1 el s\u00e1bado 26 de octubre, de 9:00 h a 21:00 h y el domingo 27 de octubre, de 9:00 h a 14:00 h. Aitana Gandia, vicealcaldesa y teniente de alcalde de Turismo y Museos del Ayuntamiento de Ibi, comenta que \u201cqueremos que la edici\u00f3n siga manteniendo el car\u00e1cter que ha tenido hasta ahora de compa\u00f1erismo, amor por el juguete, nostalgia, amantes del coleccionismo, respeto por las piezas antiguas\u2026 Es un mercadillo que Ibi organiza con el mayor de los cari\u00f1os por el origen industrial y juguetero que nos precede, c\u00f3mo no, y porque en Ibi seguimos fabricando sue\u00f1os. Invito a todo el mundo a disfrutar de \u00e9l y a aprovechar y visitar la joya de Museo del Juguete que tenemos en la Comunidad Valenciana y que lo tenemos en Ibi\u201d.<\/p>\n<script>function PlayerjsAsync(){} if(window[\"Playerjs\"]){PlayerjsAsync();}<\/script>","protected":false},"excerpt":{"rendered":"<p>Los pr\u00f3ximos 26 y 27 de octubre, el Museo del Juguete, con la inestimable colaboraci\u00f3n de los Amigos del Hospital del Juguete de Madrid, y el apoyo del Ayuntamiento de Ibi, organiza el VI Mercadillo del Juguete Antiguo de Ibi. Una cita entra\u00f1able para los nost\u00e1lgicos y amantes del juguete ...<\/p>\n","protected":false},"author":2,"featured_media":12918,"comment_status":"closed","ping_status":"closed","sticky":false,"template":"","format":"standard","meta":{"_monsterinsights_skip_tracking":false,"_monsterinsights_sitenote_active":false,"_monsterinsights_sitenote_note":"","_monsterinsights_sitenote_category":0,"footnotes":""},"categories":[4],"tags":[128],"class_list":["post-12917","post","type-post","status-publish","format-standard","has-post-thumbnail","hentry","category-alicante","tag-ibi"],"aioseo_notices":[],"_links":{"self":[{"href":"https:\/\/www.lafresca.fm\/fresca-api-json\/wp\/v2\/posts\/12917","targetHints":{"allow":["GET"]}}],"collection":[{"href":"https:\/\/www.lafresca.fm\/fresca-api-json\/wp\/v2\/posts"}],"about":[{"href":"https:\/\/www.lafresca.fm\/fresca-api-json\/wp\/v2\/types\/post"}],"author":[{"embeddable":true,"href":"https:\/\/www.lafresca.fm\/fresca-api-json\/wp\/v2\/users\/2"}],"replies":[{"embeddable":true,"href":"https:\/\/www.lafresca.fm\/fresca-api-json\/wp\/v2\/comments?post=12917"}],"version-history":[{"count":2,"href":"https:\/\/www.lafresca.fm\/fresca-api-json\/wp\/v2\/posts\/12917\/revisions"}],"predecessor-version":[{"id":12922,"href":"https:\/\/www.lafresca.fm\/fresca-api-json\/wp\/v2\/posts\/12917\/revisions\/12922"}],"wp:featuredmedia":[{"embeddable":true,"href":"https:\/\/www.lafresca.fm\/fresca-api-json\/wp\/v2\/media\/12918"}],"wp:attachment":[{"href":"https:\/\/www.lafresca.fm\/fresca-api-json\/wp\/v2\/media?parent=12917"}],"wp:term":[{"taxonomy":"category","embeddable":true,"href":"https:\/\/www.lafresca.fm\/fresca-api-json\/wp\/v2\/categories?post=12917"},{"taxonomy":"post_tag","embeddable":true,"href":"https:\/\/www.lafresca.fm\/fresca-api-json\/wp\/v2\/tags?post=12917"}],"curies":[{"name":"wp","href":"https:\/\/api.w.org\/{rel}","templated":true}]}}