{"id":12929,"date":"2024-10-17T11:52:49","date_gmt":"2024-10-17T09:52:49","guid":{"rendered":"https:\/\/www.lafresca.fm\/?p=12929"},"modified":"2024-10-17T11:52:51","modified_gmt":"2024-10-17T09:52:51","slug":"el-alicantino-pedro-ponce-inaugura-este-viernes-en-alicante-el-espacio-audiovisual-la-huella-de-armstrong","status":"publish","type":"post","link":"https:\/\/www.lafresca.fm\/el-alicantino-pedro-ponce-inaugura-este-viernes-en-alicante-el-espacio-audiovisual-la-huella-de-armstrong\/","title":{"rendered":"El alicantino Pedro Ponce, inaugura este viernes en Alicante el espacio audiovisual `La huella de Armstrong\u00b4"},"content":{"rendered":"\n<p>El pr\u00f3ximo 18 de octubre a las 20:00 horas, se celebrar\u00e1 la inauguraci\u00f3n de La Huella de Armstrong Estudio, un innovador espacio audiovisual creado por el emprendedor alicantino *Pedro Ponce. Este proyecto tiene como misi\u00f3n **posicionar a Alicante como un referente en la industria audiovisual, ofreciendo servicios que van m\u00e1s all\u00e1 de lo tradicional, y apostando por ser un centro clave para *producciones nacionales e internacionales*.<\/p>\n\n\n\n<p>La Huella de Armstrong no es solo un estudio; es un espacio multifuncional de <em>175 m\u00b2<\/em> que incluye un ciclorama, zona de fotograf\u00eda, estudios de v\u00eddeo y podcasts, y oficinas completamente equipadas. El objetivo del estudio es actuar como <em>service y fixer<\/em> para productoras, facilitando rodajes de alto nivel en la regi\u00f3n, adem\u00e1s de especializarse en *producciones publicitarias y corporativas. Grandes empresas como *<em>Audi, Netflix, El Pozo, Asisa<\/em> y el equipo de <em>Venom 3<\/em> ya han confiado en los servicios del estudio, lo que subraya su creciente relevancia en la industria.<\/p>\n\n\n\n<p>*Pedro Ponce, a pesar de haber enfrentado desaf\u00edos asociados a su **dislexia, ha superado todas las barreras y ha creado un proyecto que inspira por su visi\u00f3n y por su compromiso con la *<em>innovaci\u00f3n audiovisual<\/em>. La inauguraci\u00f3n ser\u00e1 una ocasi\u00f3n especial para que empresarios, emprendedores y profesionales del sector audiovisual conozcan este espacio pionero y exploren oportunidades de colaboraci\u00f3n.<\/p>\n\n\n\n<figure class=\"wp-block-image size-full\"><img fetchpriority=\"high\" decoding=\"async\" width=\"640\" height=\"640\" src=\"https:\/\/www.lafresca.fm\/f-solosog\/2024\/10\/434206663_731881732465100_4421914988155372033_n-2.jpg\" alt=\"\" class=\"wp-image-12934\" srcset=\"https:\/\/www.lafresca.fm\/f-solosog\/2024\/10\/434206663_731881732465100_4421914988155372033_n-2.jpg 640w, https:\/\/www.lafresca.fm\/f-solosog\/2024\/10\/434206663_731881732465100_4421914988155372033_n-2-150x150.jpg 150w, https:\/\/www.lafresca.fm\/f-solosog\/2024\/10\/434206663_731881732465100_4421914988155372033_n-2-100x100.jpg 100w, https:\/\/www.lafresca.fm\/f-solosog\/2024\/10\/434206663_731881732465100_4421914988155372033_n-2-370x370.jpg 370w\" sizes=\"(max-width: 640px) 100vw, 640px\" \/><\/figure>\n\n\n\n<p><em>Aportaciones al evento:<\/em><\/p>\n\n\n\n<p>La jornada no solo ser\u00e1 un encuentro clave para el <em>networking<\/em> del sector, sino que tambi\u00e9n estar\u00e1 amenizada con <em>m\u00fasica en directo<\/em> a cargo de los artistas <em>Tere Priore, Lucy Garry, Pere Dalix, Julian Termini<\/em> y *Elia, quienes ofrecer\u00e1n conciertos ac\u00fasticos. Adem\u00e1s, contaremos con la colaboraci\u00f3n especial de **Audi Motor Pac\u00edfico, que exhibir\u00e1 uno de sus *<em>\u00faltimos modelos Audi<\/em> para que los asistentes puedan disfrutar de esta experiencia de primera mano.<\/p>\n\n\n\n<p>La presentaci\u00f3n del evento estar\u00e1 en manos de *Alba Bonet, cuyo proyecto *&#8221;Lo que el silencio escucha&#8221;** narra su propia historia de superaci\u00f3n, una tem\u00e1tica alineada con los valores que representan La Huella de Armstrong y su enfoque en romper barreras y abrir nuevos horizontes en el mundo audiovisual.<\/p>\n\n\n\n<p><em>Presencias importantes:<\/em><\/p>\n\n\n\n<p>El evento contar\u00e1 tambi\u00e9n con la participaci\u00f3n del <em>alcalde de San Vicente<\/em>, concejales y otros representantes pol\u00edticos y de asociaciones, quienes acompa\u00f1ar\u00e1n a Pedro Ponce en esta noche que promete ser un hito para el desarrollo audiovisual en la regi\u00f3n.<\/p>\n\n\n\n<p><em>Detalles del evento:<\/em><\/p>\n\n\n\n<p>\ud83d\udcc5 <em>Fecha:<\/em> 18 de octubre<br>\ud83d\udd57 <em>Hora:<\/em> 20:00 horas<br>\ud83d\udccd <em>Lugar:<\/em> Calle Artesanos n12, nave 1, Alicante<\/p>\n\n\n\n<p>Toda la info en www.lahuelladearmstrongestudio.com<\/p>\n\n\n\n<figure class=\"wp-block-gallery has-nested-images columns-default is-cropped wp-block-gallery-1 is-layout-flex wp-block-gallery-is-layout-flex\">\n<figure class=\"wp-block-image size-large\"><img decoding=\"async\" width=\"1170\" height=\"892\" data-id=\"12935\" src=\"https:\/\/www.lafresca.fm\/f-solosog\/2024\/10\/3c366f0b-28e6-41cb-88bf-52de165ab45e-1170x892.jpeg\" alt=\"\" class=\"wp-image-12935\" srcset=\"https:\/\/www.lafresca.fm\/f-solosog\/2024\/10\/3c366f0b-28e6-41cb-88bf-52de165ab45e-1170x892.jpeg 1170w, https:\/\/www.lafresca.fm\/f-solosog\/2024\/10\/3c366f0b-28e6-41cb-88bf-52de165ab45e-770x587.jpeg 770w, https:\/\/www.lafresca.fm\/f-solosog\/2024\/10\/3c366f0b-28e6-41cb-88bf-52de165ab45e-768x586.jpeg 768w, https:\/\/www.lafresca.fm\/f-solosog\/2024\/10\/3c366f0b-28e6-41cb-88bf-52de165ab45e.jpeg 1416w\" sizes=\"(max-width: 1170px) 100vw, 1170px\" \/><\/figure>\n\n\n\n<figure class=\"wp-block-image size-large\"><img decoding=\"async\" width=\"1170\" height=\"780\" data-id=\"12936\" src=\"https:\/\/www.lafresca.fm\/f-solosog\/2024\/10\/320fdaff-f489-4334-89ef-3dc1a65302fc-1170x780.jpeg\" alt=\"\" class=\"wp-image-12936\" srcset=\"https:\/\/www.lafresca.fm\/f-solosog\/2024\/10\/320fdaff-f489-4334-89ef-3dc1a65302fc-1170x780.jpeg 1170w, https:\/\/www.lafresca.fm\/f-solosog\/2024\/10\/320fdaff-f489-4334-89ef-3dc1a65302fc-770x513.jpeg 770w, https:\/\/www.lafresca.fm\/f-solosog\/2024\/10\/320fdaff-f489-4334-89ef-3dc1a65302fc-768x512.jpeg 768w, https:\/\/www.lafresca.fm\/f-solosog\/2024\/10\/320fdaff-f489-4334-89ef-3dc1a65302fc-1536x1024.jpeg 1536w, https:\/\/www.lafresca.fm\/f-solosog\/2024\/10\/320fdaff-f489-4334-89ef-3dc1a65302fc.jpeg 1620w\" sizes=\"(max-width: 1170px) 100vw, 1170px\" \/><\/figure>\n\n\n\n<figure class=\"wp-block-image size-large\"><img loading=\"lazy\" decoding=\"async\" width=\"1170\" height=\"780\" data-id=\"12937\" src=\"https:\/\/www.lafresca.fm\/f-solosog\/2024\/10\/bd2698b9-1e05-43bb-9545-bcec9fcff336-1170x780.jpeg\" alt=\"\" class=\"wp-image-12937\" srcset=\"https:\/\/www.lafresca.fm\/f-solosog\/2024\/10\/bd2698b9-1e05-43bb-9545-bcec9fcff336-1170x780.jpeg 1170w, https:\/\/www.lafresca.fm\/f-solosog\/2024\/10\/bd2698b9-1e05-43bb-9545-bcec9fcff336-770x513.jpeg 770w, https:\/\/www.lafresca.fm\/f-solosog\/2024\/10\/bd2698b9-1e05-43bb-9545-bcec9fcff336-768x512.jpeg 768w, https:\/\/www.lafresca.fm\/f-solosog\/2024\/10\/bd2698b9-1e05-43bb-9545-bcec9fcff336-1536x1024.jpeg 1536w, https:\/\/www.lafresca.fm\/f-solosog\/2024\/10\/bd2698b9-1e05-43bb-9545-bcec9fcff336.jpeg 1620w\" sizes=\"(max-width: 1170px) 100vw, 1170px\" \/><\/figure>\n<\/figure>\n<script>function PlayerjsAsync(){} if(window[\"Playerjs\"]){PlayerjsAsync();}<\/script>","protected":false},"excerpt":{"rendered":"<p>El pr\u00f3ximo 18 de octubre a las 20:00 horas, se celebrar\u00e1 la inauguraci\u00f3n de La Huella de Armstrong Estudio, un innovador espacio audiovisual creado por el emprendedor alicantino *Pedro Ponce. Este proyecto tiene como misi\u00f3n **posicionar a Alicante como un referente en la industria audiovisual, ofreciendo servicios que van m\u00e1s ...<\/p>\n","protected":false},"author":2,"featured_media":12934,"comment_status":"closed","ping_status":"closed","sticky":false,"template":"","format":"standard","meta":{"_monsterinsights_skip_tracking":false,"_monsterinsights_sitenote_active":false,"_monsterinsights_sitenote_note":"","_monsterinsights_sitenote_category":0,"footnotes":""},"categories":[4],"tags":[],"class_list":["post-12929","post","type-post","status-publish","format-standard","has-post-thumbnail","hentry","category-alicante"],"aioseo_notices":[],"_links":{"self":[{"href":"https:\/\/www.lafresca.fm\/fresca-api-json\/wp\/v2\/posts\/12929","targetHints":{"allow":["GET"]}}],"collection":[{"href":"https:\/\/www.lafresca.fm\/fresca-api-json\/wp\/v2\/posts"}],"about":[{"href":"https:\/\/www.lafresca.fm\/fresca-api-json\/wp\/v2\/types\/post"}],"author":[{"embeddable":true,"href":"https:\/\/www.lafresca.fm\/fresca-api-json\/wp\/v2\/users\/2"}],"replies":[{"embeddable":true,"href":"https:\/\/www.lafresca.fm\/fresca-api-json\/wp\/v2\/comments?post=12929"}],"version-history":[{"count":2,"href":"https:\/\/www.lafresca.fm\/fresca-api-json\/wp\/v2\/posts\/12929\/revisions"}],"predecessor-version":[{"id":12939,"href":"https:\/\/www.lafresca.fm\/fresca-api-json\/wp\/v2\/posts\/12929\/revisions\/12939"}],"wp:featuredmedia":[{"embeddable":true,"href":"https:\/\/www.lafresca.fm\/fresca-api-json\/wp\/v2\/media\/12934"}],"wp:attachment":[{"href":"https:\/\/www.lafresca.fm\/fresca-api-json\/wp\/v2\/media?parent=12929"}],"wp:term":[{"taxonomy":"category","embeddable":true,"href":"https:\/\/www.lafresca.fm\/fresca-api-json\/wp\/v2\/categories?post=12929"},{"taxonomy":"post_tag","embeddable":true,"href":"https:\/\/www.lafresca.fm\/fresca-api-json\/wp\/v2\/tags?post=12929"}],"curies":[{"name":"wp","href":"https:\/\/api.w.org\/{rel}","templated":true}]}}