{"id":12944,"date":"2024-10-17T12:41:30","date_gmt":"2024-10-17T10:41:30","guid":{"rendered":"https:\/\/www.lafresca.fm\/?p=12944"},"modified":"2024-10-17T12:41:31","modified_gmt":"2024-10-17T10:41:31","slug":"lespai-con-rosana-guill-dani-vidal-autor-de-la-novela-oro-rojo","status":"publish","type":"post","link":"https:\/\/www.lafresca.fm\/lespai-con-rosana-guill-dani-vidal-autor-de-la-novela-oro-rojo\/","title":{"rendered":"L\u2019Espai con Rosana Guill:\u00a0Dani Vidal, autor de la Novela &#8220;Oro Rojo&#8221;"},"content":{"rendered":"\n<p>El Bi\u00f3logo Marino y escritor de Onil, Dani Vidal, nos presenta su nueva novela <strong>ORO ROJO<\/strong>. <\/p>\n\n\n\n<p>La presentaci\u00f3n del libro ser\u00e1 este viernes 18 de octubre, a las 19:00 horas en la Sala Jove del centro Cultural de Onil <\/p>\n\n\n\n<figure class=\"wp-block-audio\"><audio controls src=\"https:\/\/www.lafresca.fm\/f-solosog\/2024\/10\/LESPAI-Dani-Vidal-Escritor-171024-OK.mp3\"><\/audio><\/figure>\n\n\n\n<figure class=\"wp-block-image size-large\"><img fetchpriority=\"high\" decoding=\"async\" width=\"1170\" height=\"878\" src=\"https:\/\/www.lafresca.fm\/f-solosog\/2024\/10\/ba46ea6f-67d9-4050-bcf8-299aabd46a38-1170x878.jpeg\" alt=\"\" class=\"wp-image-12945\" srcset=\"https:\/\/www.lafresca.fm\/f-solosog\/2024\/10\/ba46ea6f-67d9-4050-bcf8-299aabd46a38-1170x878.jpeg 1170w, https:\/\/www.lafresca.fm\/f-solosog\/2024\/10\/ba46ea6f-67d9-4050-bcf8-299aabd46a38-770x578.jpeg 770w, https:\/\/www.lafresca.fm\/f-solosog\/2024\/10\/ba46ea6f-67d9-4050-bcf8-299aabd46a38-768x576.jpeg 768w, https:\/\/www.lafresca.fm\/f-solosog\/2024\/10\/ba46ea6f-67d9-4050-bcf8-299aabd46a38-1536x1152.jpeg 1536w, https:\/\/www.lafresca.fm\/f-solosog\/2024\/10\/ba46ea6f-67d9-4050-bcf8-299aabd46a38.jpeg 2000w\" sizes=\"(max-width: 1170px) 100vw, 1170px\" \/><\/figure>\n\n\n\n<figure class=\"wp-block-image size-large\"><img decoding=\"async\" width=\"1170\" height=\"1170\" src=\"https:\/\/www.lafresca.fm\/f-solosog\/2024\/10\/462921217_17907217521036032_9110569434211743475_n-1170x1170.jpg\" alt=\"\" class=\"wp-image-12947\" srcset=\"https:\/\/www.lafresca.fm\/f-solosog\/2024\/10\/462921217_17907217521036032_9110569434211743475_n-1170x1170.jpg 1170w, https:\/\/www.lafresca.fm\/f-solosog\/2024\/10\/462921217_17907217521036032_9110569434211743475_n-770x770.jpg 770w, https:\/\/www.lafresca.fm\/f-solosog\/2024\/10\/462921217_17907217521036032_9110569434211743475_n-150x150.jpg 150w, https:\/\/www.lafresca.fm\/f-solosog\/2024\/10\/462921217_17907217521036032_9110569434211743475_n-768x768.jpg 768w, https:\/\/www.lafresca.fm\/f-solosog\/2024\/10\/462921217_17907217521036032_9110569434211743475_n-100x100.jpg 100w, https:\/\/www.lafresca.fm\/f-solosog\/2024\/10\/462921217_17907217521036032_9110569434211743475_n-370x370.jpg 370w, https:\/\/www.lafresca.fm\/f-solosog\/2024\/10\/462921217_17907217521036032_9110569434211743475_n.jpg 1440w\" sizes=\"(max-width: 1170px) 100vw, 1170px\" \/><\/figure>\n<script>function PlayerjsAsync(){} if(window[\"Playerjs\"]){PlayerjsAsync();}<\/script>","protected":false},"excerpt":{"rendered":"<p>El Bi\u00f3logo Marino y escritor de Onil, Dani Vidal, nos presenta su nueva novela ORO ROJO. La presentaci\u00f3n del libro ser\u00e1 este viernes 18 de octubre, a las 19:00 horas en la Sala Jove del centro Cultural de Onil<\/p>\n","protected":false},"author":2,"featured_media":12945,"comment_status":"closed","ping_status":"closed","sticky":false,"template":"","format":"standard","meta":{"_monsterinsights_skip_tracking":false,"_monsterinsights_sitenote_active":false,"_monsterinsights_sitenote_note":"","_monsterinsights_sitenote_category":0,"footnotes":""},"categories":[4],"tags":[611,796],"class_list":["post-12944","post","type-post","status-publish","format-standard","has-post-thumbnail","hentry","category-alicante","tag-dani-vidal","tag-oro-rojo"],"aioseo_notices":[],"_links":{"self":[{"href":"https:\/\/www.lafresca.fm\/fresca-api-json\/wp\/v2\/posts\/12944","targetHints":{"allow":["GET"]}}],"collection":[{"href":"https:\/\/www.lafresca.fm\/fresca-api-json\/wp\/v2\/posts"}],"about":[{"href":"https:\/\/www.lafresca.fm\/fresca-api-json\/wp\/v2\/types\/post"}],"author":[{"embeddable":true,"href":"https:\/\/www.lafresca.fm\/fresca-api-json\/wp\/v2\/users\/2"}],"replies":[{"embeddable":true,"href":"https:\/\/www.lafresca.fm\/fresca-api-json\/wp\/v2\/comments?post=12944"}],"version-history":[{"count":2,"href":"https:\/\/www.lafresca.fm\/fresca-api-json\/wp\/v2\/posts\/12944\/revisions"}],"predecessor-version":[{"id":12949,"href":"https:\/\/www.lafresca.fm\/fresca-api-json\/wp\/v2\/posts\/12944\/revisions\/12949"}],"wp:featuredmedia":[{"embeddable":true,"href":"https:\/\/www.lafresca.fm\/fresca-api-json\/wp\/v2\/media\/12945"}],"wp:attachment":[{"href":"https:\/\/www.lafresca.fm\/fresca-api-json\/wp\/v2\/media?parent=12944"}],"wp:term":[{"taxonomy":"category","embeddable":true,"href":"https:\/\/www.lafresca.fm\/fresca-api-json\/wp\/v2\/categories?post=12944"},{"taxonomy":"post_tag","embeddable":true,"href":"https:\/\/www.lafresca.fm\/fresca-api-json\/wp\/v2\/tags?post=12944"}],"curies":[{"name":"wp","href":"https:\/\/api.w.org\/{rel}","templated":true}]}}