{"id":12974,"date":"2024-10-21T15:48:23","date_gmt":"2024-10-21T13:48:23","guid":{"rendered":"https:\/\/www.lafresca.fm\/?p=12974"},"modified":"2024-10-21T15:49:27","modified_gmt":"2024-10-21T13:49:27","slug":"la-oficina-de-correos-amplia-su-plantilla-de-ibi-tras-las-constantes-quejas-de-los-ciudadanos","status":"publish","type":"post","link":"https:\/\/www.lafresca.fm\/la-oficina-de-correos-amplia-su-plantilla-de-ibi-tras-las-constantes-quejas-de-los-ciudadanos\/","title":{"rendered":"La oficina de Correos de Ibi ampl\u00eda su plantilla tras las constantes quejas de los ciudadanos"},"content":{"rendered":"\n<ul class=\"wp-block-list\">\n<li>Las reclamaciones formuladas por el primer edil han hecho posible recuperar toda la plantilla de la oficina de Correos de Ibi y ampliarla con dos trabajadores m\u00e1s.<\/li>\n<\/ul>\n\n\n\n<p>La empresa p\u00fablica Correos ha anunciado la decisi\u00f3n de ampliar la plantilla de personal de la oficina local como respuesta a las negociaciones y las gestiones realizadas por el alcalde de la localidad, Sergio Carrasco. La decisi\u00f3n de Correos, comunicada por registro de entrada, es la respuesta a las reclamaciones formuladas por el alcalde de Ibi, Sergio Carrasco, en abril y septiembre, y en las que se denunciaban los continuos y graves retrasos en el reparto de la correspondencia y la paqueter\u00eda, a causa de la escasez de personal.<\/p>\n\n\n\n<figure class=\"wp-block-image size-large\"><img fetchpriority=\"high\" decoding=\"async\" width=\"1170\" height=\"577\" src=\"https:\/\/www.lafresca.fm\/f-solosog\/2024\/10\/OficinaCorreos_Ibi-e1713511495954-1920x947-1-1170x577.jpg\" alt=\"\" class=\"wp-image-12975\" srcset=\"https:\/\/www.lafresca.fm\/f-solosog\/2024\/10\/OficinaCorreos_Ibi-e1713511495954-1920x947-1-1170x577.jpg 1170w, https:\/\/www.lafresca.fm\/f-solosog\/2024\/10\/OficinaCorreos_Ibi-e1713511495954-1920x947-1-770x380.jpg 770w, https:\/\/www.lafresca.fm\/f-solosog\/2024\/10\/OficinaCorreos_Ibi-e1713511495954-1920x947-1-768x379.jpg 768w, https:\/\/www.lafresca.fm\/f-solosog\/2024\/10\/OficinaCorreos_Ibi-e1713511495954-1920x947-1-1536x758.jpg 1536w, https:\/\/www.lafresca.fm\/f-solosog\/2024\/10\/OficinaCorreos_Ibi-e1713511495954-1920x947-1.jpg 1920w\" sizes=\"(max-width: 1170px) 100vw, 1170px\" \/><\/figure>\n\n\n\n<p>Tras la primera queja, enviada en abril, la empresa p\u00fablica empez\u00f3 a cubrir los puestos vacantes a causa de las numerosas bajas que afectaban al funcionamiento de la oficina de Ibi. Seg\u00fan explica Sergio Carrasco, alcalde de Ibi, \u201cel hecho de que correos empezara a completa su plantilla en Ibi ayud\u00f3 a paliar la situaci\u00f3n, sin embargo, no fue suficiente, dado el volumen de actividad de nuestro municipio, por lo que me puse en contacto nuevamente con la entidad para solicitar la ampliaci\u00f3n de la plantilla\u201d. Tras la segunda reclamaci\u00f3n, fechada en el 6 de septiembre, Correos ha anunciado el refuerzo de la plantilla de Ibi con dos trabajadores m\u00e1s, lo que, seg\u00fan la Directora de Filatelia y Relaciones Institucionales de la empresa p\u00fablica, espera \u201csea suficiente para regularizar completamente la situaci\u00f3n en Ibi\u201d.<\/p>\n\n\n\n<p>El alcalde indica que \u201cla decisi\u00f3n de Correos es muy positiva para Ibi\u201d pero advierte que \u201cel Ayuntamiento seguir\u00e1 sondeando el servicio para corroborar que se presta de forma satisfactoria\u201d.<\/p>\n<script>function PlayerjsAsync(){} if(window[\"Playerjs\"]){PlayerjsAsync();}<\/script>","protected":false},"excerpt":{"rendered":"<p>La empresa p\u00fablica Correos ha anunciado la decisi\u00f3n de ampliar la plantilla de personal de la oficina local como respuesta a las negociaciones y las gestiones realizadas por el alcalde de la localidad, Sergio Carrasco. La decisi\u00f3n de Correos, comunicada por registro de entrada, es la respuesta a las reclamaciones ...<\/p>\n","protected":false},"author":2,"featured_media":12975,"comment_status":"closed","ping_status":"closed","sticky":false,"template":"","format":"standard","meta":{"_monsterinsights_skip_tracking":false,"_monsterinsights_sitenote_active":false,"_monsterinsights_sitenote_note":"","_monsterinsights_sitenote_category":0,"footnotes":""},"categories":[4],"tags":[128],"class_list":["post-12974","post","type-post","status-publish","format-standard","has-post-thumbnail","hentry","category-alicante","tag-ibi"],"aioseo_notices":[],"_links":{"self":[{"href":"https:\/\/www.lafresca.fm\/fresca-api-json\/wp\/v2\/posts\/12974","targetHints":{"allow":["GET"]}}],"collection":[{"href":"https:\/\/www.lafresca.fm\/fresca-api-json\/wp\/v2\/posts"}],"about":[{"href":"https:\/\/www.lafresca.fm\/fresca-api-json\/wp\/v2\/types\/post"}],"author":[{"embeddable":true,"href":"https:\/\/www.lafresca.fm\/fresca-api-json\/wp\/v2\/users\/2"}],"replies":[{"embeddable":true,"href":"https:\/\/www.lafresca.fm\/fresca-api-json\/wp\/v2\/comments?post=12974"}],"version-history":[{"count":3,"href":"https:\/\/www.lafresca.fm\/fresca-api-json\/wp\/v2\/posts\/12974\/revisions"}],"predecessor-version":[{"id":12979,"href":"https:\/\/www.lafresca.fm\/fresca-api-json\/wp\/v2\/posts\/12974\/revisions\/12979"}],"wp:featuredmedia":[{"embeddable":true,"href":"https:\/\/www.lafresca.fm\/fresca-api-json\/wp\/v2\/media\/12975"}],"wp:attachment":[{"href":"https:\/\/www.lafresca.fm\/fresca-api-json\/wp\/v2\/media?parent=12974"}],"wp:term":[{"taxonomy":"category","embeddable":true,"href":"https:\/\/www.lafresca.fm\/fresca-api-json\/wp\/v2\/categories?post=12974"},{"taxonomy":"post_tag","embeddable":true,"href":"https:\/\/www.lafresca.fm\/fresca-api-json\/wp\/v2\/tags?post=12974"}],"curies":[{"name":"wp","href":"https:\/\/api.w.org\/{rel}","templated":true}]}}