{"id":13001,"date":"2024-10-23T11:56:59","date_gmt":"2024-10-23T09:56:59","guid":{"rendered":"https:\/\/www.lafresca.fm\/?p=13001"},"modified":"2024-10-23T11:57:01","modified_gmt":"2024-10-23T09:57:01","slug":"actiu-recibe-el-reconocimiento-de-empresa-solidaria-2024-por-su-compromiso-con-la-responsabilidad-social","status":"publish","type":"post","link":"https:\/\/www.lafresca.fm\/actiu-recibe-el-reconocimiento-de-empresa-solidaria-2024-por-su-compromiso-con-la-responsabilidad-social\/","title":{"rendered":"ACTIU recibe el reconocimiento de Empresa Solidaria 2024 por su compromiso con la responsabilidad social"},"content":{"rendered":"\n<p>ACTIU, empresa asociada de IBIAE, ha recibido el reconocimiento de<strong>&nbsp;\u00abEmpresa Solidaria 2024\u00bb<\/strong>. Este importante galard\u00f3n subraya el compromiso de ACTIU con la responsabilidad social y la solidaridad, destac\u00e1ndola entre las empresas que promueven activamente el bienestar social a trav\u00e9s de sus iniciativas<strong>.<\/strong><\/p>\n\n\n\n<p>La distinci\u00f3n \u00abEmpresa Solidaria\u00bb es un reconocimiento otorgado a las empresas que&nbsp;<strong>demuestran un fuerte compromiso con la responsabilidad social y la solidaridad<\/strong>. Este sello reconoce el compromiso de ACTIU de&nbsp;<strong>destinar el 0,7% del Impuesto de Sociedades a proyectos con fines sociales desarrollados por el Tercer Sector<\/strong>, que se refiere a organizaciones sin \u00e1nimo de lucro que trabajan para el bienestar social. Este aporte contribuye a financiar iniciativas importantes que buscan mejorar la calidad de vida de las personas m\u00e1s vulnerables en la sociedad<strong>.<\/strong><\/p>\n\n\n\n<p><strong>ACTIU agradece a todo su equipo, clientes y colaboradores por hacerlo posible<\/strong>. Este logro no es solo un reconocimiento a la empresa, sino tambi\u00e9n al&nbsp;<strong>esfuerzo colectivo de todas las personas que creen en la visi\u00f3n de ACTIU de construir un futuro m\u00e1s solidario, responsable y sostenible<\/strong>.<\/p>\n\n\n\n<figure class=\"wp-block-image\"><img decoding=\"async\" src=\"https:\/\/www.ibiae.com\/wp-content\/uploads\/2024\/10\/1728033694590-1-1024x738.jpg\" alt=\"\" class=\"wp-image-29866\"\/><\/figure>\n<script>function PlayerjsAsync(){} if(window[\"Playerjs\"]){PlayerjsAsync();}<\/script>","protected":false},"excerpt":{"rendered":"<p>ACTIU, empresa asociada de IBIAE, ha recibido el reconocimiento de&nbsp;\u00abEmpresa Solidaria 2024\u00bb. Este importante galard\u00f3n subraya el compromiso de ACTIU con la responsabilidad social y la solidaridad, destac\u00e1ndola entre las empresas que promueven activamente el bienestar social a trav\u00e9s de sus iniciativas. La distinci\u00f3n \u00abEmpresa Solidaria\u00bb es un reconocimiento otorgado ...<\/p>\n","protected":false},"author":2,"featured_media":13002,"comment_status":"closed","ping_status":"closed","sticky":false,"template":"","format":"standard","meta":{"_monsterinsights_skip_tracking":false,"_monsterinsights_sitenote_active":false,"_monsterinsights_sitenote_note":"","_monsterinsights_sitenote_category":0,"footnotes":""},"categories":[4],"tags":[],"class_list":["post-13001","post","type-post","status-publish","format-standard","has-post-thumbnail","hentry","category-alicante"],"aioseo_notices":[],"_links":{"self":[{"href":"https:\/\/www.lafresca.fm\/fresca-api-json\/wp\/v2\/posts\/13001","targetHints":{"allow":["GET"]}}],"collection":[{"href":"https:\/\/www.lafresca.fm\/fresca-api-json\/wp\/v2\/posts"}],"about":[{"href":"https:\/\/www.lafresca.fm\/fresca-api-json\/wp\/v2\/types\/post"}],"author":[{"embeddable":true,"href":"https:\/\/www.lafresca.fm\/fresca-api-json\/wp\/v2\/users\/2"}],"replies":[{"embeddable":true,"href":"https:\/\/www.lafresca.fm\/fresca-api-json\/wp\/v2\/comments?post=13001"}],"version-history":[{"count":2,"href":"https:\/\/www.lafresca.fm\/fresca-api-json\/wp\/v2\/posts\/13001\/revisions"}],"predecessor-version":[{"id":13004,"href":"https:\/\/www.lafresca.fm\/fresca-api-json\/wp\/v2\/posts\/13001\/revisions\/13004"}],"wp:featuredmedia":[{"embeddable":true,"href":"https:\/\/www.lafresca.fm\/fresca-api-json\/wp\/v2\/media\/13002"}],"wp:attachment":[{"href":"https:\/\/www.lafresca.fm\/fresca-api-json\/wp\/v2\/media?parent=13001"}],"wp:term":[{"taxonomy":"category","embeddable":true,"href":"https:\/\/www.lafresca.fm\/fresca-api-json\/wp\/v2\/categories?post=13001"},{"taxonomy":"post_tag","embeddable":true,"href":"https:\/\/www.lafresca.fm\/fresca-api-json\/wp\/v2\/tags?post=13001"}],"curies":[{"name":"wp","href":"https:\/\/api.w.org\/{rel}","templated":true}]}}