{"id":13020,"date":"2024-10-24T15:29:01","date_gmt":"2024-10-24T13:29:01","guid":{"rendered":"https:\/\/www.lafresca.fm\/?p=13020"},"modified":"2024-10-24T15:29:09","modified_gmt":"2024-10-24T13:29:09","slug":"el-equipo-de-gobierno-repasan-la-situacion-economica-actual-del-ayuntamiento-de-ibi","status":"publish","type":"post","link":"https:\/\/www.lafresca.fm\/el-equipo-de-gobierno-repasan-la-situacion-economica-actual-del-ayuntamiento-de-ibi\/","title":{"rendered":"El equipo de gobierno repasan la situaci\u00f3n econ\u00f3mica actual del Ayuntamiento de Ibi"},"content":{"rendered":"\n<ul class=\"wp-block-list\">\n<li>El alcalde de Ibi, Sergio Carrasco y la interventora municipal repasan la situaci\u00f3n econ\u00f3mica desde 2022.<\/li>\n<\/ul>\n\n\n\n<p>Esta ma\u00f1ana el alcalde de Ibi, Sergio Carrasco, acompa\u00f1ado por la interventora municipal, Andrea Rodero, y por los tenientes de alcalde David Rojas, responsable del \u00e1rea de Hacienda y Contrataci\u00f3n, y Lara Ayala, han dado parte de la situaci\u00f3n econ\u00f3mica actual del Ayuntamiento de Ibi, haciendo un repaso desde que tom\u00f3 posesi\u00f3n la nueva Corporaci\u00f3n Municipal formada por un equipo de gobierno en coalici\u00f3n entre PSOE y Som Ibi-Comprom\u00eds.<\/p>\n\n\n\n<p>La interventora municipal, Andrea Rodero Ruiz, ha expuesto de forma t\u00e9cnica los datos relativos a los a\u00f1os 2022, 2023 y 2024. Explicando la situaci\u00f3n econ\u00f3mica que encontr\u00f3 cuando en marzo de 2024 tom\u00f3 posesi\u00f3n de su cargo en el Ayuntamiento de Ibi como interventora habilitada nacional, en compatibilidad con la secretar\u00eda de Alf\u00e0s del Pi.<\/p>\n\n\n\n<p>Andrea ha explicado que las cuentas de 2022 no estaban cerradas, faltando por pagar m\u00e1s de 7 millones de euros, adem\u00e1s de que no se estaba realizando la respectiva informaci\u00f3n de esas cuentas que requiere el Ministerio, obligaciones trimestrales que hay que notificar. Hoy en d\u00eda, ese a\u00f1o est\u00e1 contabilizado, cerrado y liquidado y se puede decir que los objetivos para 2022 est\u00e1n cumplidos, remitiendo toda la informaci\u00f3n al Tribunal de Cuentas y a falta de su aprobaci\u00f3n en Pleno.<\/p>\n\n\n\n<p>Igualmente, las cuentas de 2023 no se encontraban contabilizadas y ahora mismo se encuentran en un 70% de contabilizaci\u00f3n de esos gastos, con sus respectivos informes. Por lo que respecta a 2024, el Ayuntamiento de Ibi puede decir que est\u00e1 puesto al d\u00eda en cuanto a la contabilizaci\u00f3n del gasto, tambi\u00e9n en su informaci\u00f3n y con los objetivos que requiere el Ministerio.<\/p>\n\n\n\n<p>Adem\u00e1s, se ha informado que la interventora municipal junto a la tesorera han iniciado un Plan de Riesgos Psicosociales, debido a la situaci\u00f3n de bajas de personal que se encontraron a su llegada, y que ha requerido de un diagn\u00f3stico del personal del \u00e1rea de recursos econ\u00f3micos, en concreto, para identificar en d\u00f3nde poner el foco y las acciones concretas que se puedan llevar a cabo tanto a nivel preventivo como correctivo. Se han identificado factores de riesgo como la falta de liderazgo, la no definici\u00f3n de funciones, los plazos,\u2026 y diversos factores que perjudicaban el buen funcionamiento del departamento. Los trabajadores han realizado un test que pueda identificar todos esos factores y con esa informaci\u00f3n se llevar\u00e1n a cabo las acciones necesarias. Unas acciones que en un futuro se podr\u00e1n trasladar al resto de departamentos.<\/p>\n\n\n\n<figure class=\"wp-block-image size-large\"><img fetchpriority=\"high\" decoding=\"async\" width=\"1170\" height=\"878\" src=\"https:\/\/www.lafresca.fm\/f-solosog\/2024\/10\/rp-ibi-241024-1170x878.jpg\" alt=\"\" class=\"wp-image-13021\" srcset=\"https:\/\/www.lafresca.fm\/f-solosog\/2024\/10\/rp-ibi-241024-1170x878.jpg 1170w, https:\/\/www.lafresca.fm\/f-solosog\/2024\/10\/rp-ibi-241024-770x578.jpg 770w, https:\/\/www.lafresca.fm\/f-solosog\/2024\/10\/rp-ibi-241024-768x576.jpg 768w, https:\/\/www.lafresca.fm\/f-solosog\/2024\/10\/rp-ibi-241024-1536x1152.jpg 1536w, https:\/\/www.lafresca.fm\/f-solosog\/2024\/10\/rp-ibi-241024.jpg 2048w\" sizes=\"(max-width: 1170px) 100vw, 1170px\" \/><\/figure>\n\n\n\n<p>Carrasco abr\u00eda su intervenci\u00f3n explicando la situaci\u00f3n con la que se encontraron cuando entraron a gobernar. Tajante, ha explicado que \u201cse encontraron un ayuntamiento totalmente bloqueado y con el ejercicio 2022 por cerrar. Con una deuda que ascend\u00eda a m\u00e1s de 7 millones de euros y con m\u00e1s de 2.000 facturas por pagar\u201d.<\/p>\n\n\n\n<p>Seg\u00fan comentaba el primer edil, \u201cse deb\u00edan todas las obras realizadas, como la Plaza de la Iglesia, la pista cubierta del polideportivo, el spa de la piscina, los \u00faltimos bloques de nichos construidos en el cementerio, obras que, en muchas ocasiones, no ten\u00edan cr\u00e9dito. Por otro lado, expon\u00eda que llegaron a encontrarse con con un aviso de Iberdrola, que amenazaba con dejar sin suministro de luz a Ibi si no pag\u00e1bamos los 600.000\u20ac que el anterior gobierno hab\u00eda dejado a deber, caso que se repiti\u00f3 en m\u00e1s ocasiones llegando al l\u00edmite de no poder poner gasolina a los veh\u00edculos municipales, ni disponer de material para hacer obras o para el trabajo diario de la brigada de obras, a lo que se sum\u00f3 que los proveedores ya no serv\u00edan al Ayuntamiento por los impagos\u201d.<\/p>\n\n\n\n<p>Adem\u00e1s de todo lo argumentado, Sergio Carrasco detallaba que tambi\u00e9n estaban pendientes de pago todas las subvenciones a clubes y entidades, excepto a dos, lo que provoc\u00f3 que la mayor\u00eda estuvieran ahogadas y en una situaci\u00f3n l\u00edmite. A d\u00eda de hoy, la gran mayor\u00eda de asociaciones ya han recibido la subvenci\u00f3n de 2024 y las que faltan lo recibir\u00e1n antes de final de a\u00f1o. Adem\u00e1s, seg\u00fan desarrollaba, se est\u00e1 planificando la compensaci\u00f3n de las ayudas perdidas en 2023 durante 2025 y 2026.<\/p>\n\n\n\n<p>En cuanto al personal municipal, se ha hecho hincapi\u00e9 en que la situaci\u00f3n encontrada era de \u201cun ayuntamiento desmantelado para su funcionamiento ordinario en muchas sus \u00e1reas esenciales como Servicios Econ\u00f3micos, Recursos Humanos y Servicios Sociales, lo que produjo un bloqueo total\u201d.<\/p>\n\n\n\n<p>Hablando de presupuestos, el primer edil incid\u00eda en que el ejercicio 2022 no se pod\u00eda cerrar con esa situaci\u00f3n y se estaban trabajando con presupuestos prorrogados en el 2023, lo que dificultaba much\u00edsimo la labor, ya que la ley solo permite pagar las n\u00f3minas y los gastos corrientes, no inversiones, ni contratos, ni convenios, ni servicios. Por esta raz\u00f3n, se perdieron muchas de las subvenciones que se ten\u00edan adjudicadas como, por ejemplo, la de la Plaza de la Iglesia.<\/p>\n\n\n\n<p>La estrategia que se tom\u00f3, seg\u00fan el alcalde, fue la de recuperar la plantilla de personal para poder empezar a solucionar el resto de problemas. Este departamento es quien dota de personal a todas las \u00e1reas y el departamento econ\u00f3mico. \u201cSi no se pod\u00eda pagar, era imposible mantener los servicios y el propio funcionamiento del Ayuntamiento\u201d.<\/p>\n\n\n\n<p>El primer edil afirmaba que a d\u00eda de hoy, aunque a\u00fan no se ha recuperado la plena normalidad, se han dado pasos de gigante y detallaba que:<\/p>\n\n\n\n<p>&#8211; Se ha recuperado el personal de las \u00e1reas clave y seguimos con los procedimientos para dotar de personal suficiente a todos los departamentos.<\/p>\n\n\n\n<p>&#8211; Se ha contabilizado la deuda y se ha decretado el cierre del ejercicio contable 2022.<\/p>\n\n\n\n<p>&#8211; Se han pagado m\u00e1s de 10 millones de deuda de este Ayuntamiento.<\/p>\n\n\n\n<p>&#8211; Se ha saldado la deuda de obras que estaban pendientes, como la del cementerio y estamos a punto de pagar otras como las de la pista cubierta o las de la Plaza de la Iglesia.<\/p>\n\n\n\n<p>&#8211; Hay una nueva contrata de limpieza viaria, que se ajusta a las necesidades del Ibi actual.<\/p>\n\n\n\n<p>&#8211; Se han recuperado proyectos que en 2022 estaban pr\u00e1cticamente perdidos.<\/p>\n\n\n\n<p>&#8211; Se han regulado muchos procesos econ\u00f3micos, como el pago de las prestaciones econ\u00f3micas individualizadas o el sistema de pagos de horas extra, gratificaciones y productividades, dot\u00e1ndolo de seguridad jur\u00eddica para los trabajadores y el Ayuntamiento.<\/p>\n\n\n\n<p>&#8211; Se han recuperado los ingresos en concepto de entregas a cuenta de la Participaci\u00f3n de Tributos del Estado. La cantidad recuperada asciende a 6 millones de euros.<\/p>\n\n\n\n<p>&#8211; Llevamos al d\u00eda la contabilidad del ejercicio 2024 y avanzamos de forma significativa en la contabilizaci\u00f3n y cierre del ejercicio 2023.<\/p>\n\n\n\n<p>&#8211; Muchas de las obligaciones contables que se dejaron incumplidas como, por ejemplo, la comunicaci\u00f3n de la informaci\u00f3n trimestral de 2023, ya se han solventado. Tambi\u00e9n se han comunicado la informaci\u00f3n trimestral de los tres primeros periodos de 2024.<\/p>\n\n\n\n<p>&#8211; Ya se han creado las l\u00edneas fundamentales del Presupuesto 2024, que ser\u00e1n la base de los presupuestos 2025, los cuales estamos ultimando para que est\u00e9n en tiempo y forma.<\/p>\n\n\n\n<p>Carrasco cerraba su exposici\u00f3n agradeciendo la paciencia y comprensi\u00f3n de la mayor\u00eda de los ciudadanos ibenses, clubes, asociaciones y trabajadores municipales que han sabido entender la situaci\u00f3n y la dificultad para revertirla.<\/p>\n<script>function PlayerjsAsync(){} if(window[\"Playerjs\"]){PlayerjsAsync();}<\/script>","protected":false},"excerpt":{"rendered":"<p>Esta ma\u00f1ana el alcalde de Ibi, Sergio Carrasco, acompa\u00f1ado por la interventora municipal, Andrea Rodero, y por los tenientes de alcalde David Rojas, responsable del \u00e1rea de Hacienda y Contrataci\u00f3n, y Lara Ayala, han dado parte de la situaci\u00f3n econ\u00f3mica actual del Ayuntamiento de Ibi, haciendo un repaso desde que ...<\/p>\n","protected":false},"author":2,"featured_media":13021,"comment_status":"closed","ping_status":"closed","sticky":false,"template":"","format":"standard","meta":{"_monsterinsights_skip_tracking":false,"_monsterinsights_sitenote_active":false,"_monsterinsights_sitenote_note":"","_monsterinsights_sitenote_category":0,"footnotes":""},"categories":[4],"tags":[128],"class_list":["post-13020","post","type-post","status-publish","format-standard","has-post-thumbnail","hentry","category-alicante","tag-ibi"],"aioseo_notices":[],"_links":{"self":[{"href":"https:\/\/www.lafresca.fm\/fresca-api-json\/wp\/v2\/posts\/13020","targetHints":{"allow":["GET"]}}],"collection":[{"href":"https:\/\/www.lafresca.fm\/fresca-api-json\/wp\/v2\/posts"}],"about":[{"href":"https:\/\/www.lafresca.fm\/fresca-api-json\/wp\/v2\/types\/post"}],"author":[{"embeddable":true,"href":"https:\/\/www.lafresca.fm\/fresca-api-json\/wp\/v2\/users\/2"}],"replies":[{"embeddable":true,"href":"https:\/\/www.lafresca.fm\/fresca-api-json\/wp\/v2\/comments?post=13020"}],"version-history":[{"count":2,"href":"https:\/\/www.lafresca.fm\/fresca-api-json\/wp\/v2\/posts\/13020\/revisions"}],"predecessor-version":[{"id":13023,"href":"https:\/\/www.lafresca.fm\/fresca-api-json\/wp\/v2\/posts\/13020\/revisions\/13023"}],"wp:featuredmedia":[{"embeddable":true,"href":"https:\/\/www.lafresca.fm\/fresca-api-json\/wp\/v2\/media\/13021"}],"wp:attachment":[{"href":"https:\/\/www.lafresca.fm\/fresca-api-json\/wp\/v2\/media?parent=13020"}],"wp:term":[{"taxonomy":"category","embeddable":true,"href":"https:\/\/www.lafresca.fm\/fresca-api-json\/wp\/v2\/categories?post=13020"},{"taxonomy":"post_tag","embeddable":true,"href":"https:\/\/www.lafresca.fm\/fresca-api-json\/wp\/v2\/tags?post=13020"}],"curies":[{"name":"wp","href":"https:\/\/api.w.org\/{rel}","templated":true}]}}