{"id":13048,"date":"2024-10-25T16:12:40","date_gmt":"2024-10-25T14:12:40","guid":{"rendered":"https:\/\/www.lafresca.fm\/?p=13048"},"modified":"2024-10-25T16:12:44","modified_gmt":"2024-10-25T14:12:44","slug":"la-danza-teatro-y-circo-moderno-protagonistas-de-la-programacion-cultural-gratuita-del-mes-de-noviembre-en-onil","status":"publish","type":"post","link":"https:\/\/www.lafresca.fm\/la-danza-teatro-y-circo-moderno-protagonistas-de-la-programacion-cultural-gratuita-del-mes-de-noviembre-en-onil\/","title":{"rendered":"La danza, teatro y circo moderno, protagonistas de la programaci\u00f3n cultural gratuita del mes de noviembre en Onil"},"content":{"rendered":"\n<p>El municipio de Onil presenta un mes cultural vibrante durante todo el mes de noviembre, con una programaci\u00f3n diversa que atraer\u00e1 a todos los amantes del arte y la cultura.<\/p>\n\n\n\n<p>Las actividades tendr\u00e1n lugar en el Centro Cultural de Onil a las 19:00 horas cada s\u00e1bado del mes, ofreciendo una amplia variedad de espect\u00e1culos de danza, teatro y circo moderno.<\/p>\n\n\n\n<p><strong>Programa de actividades:<\/strong><\/p>\n\n\n\n<ul class=\"wp-block-list\">\n<li>2 de noviembre: La compa\u00f1\u00eda A3 Danza presenta &#8220;Quimera&#8221;, una obra que explora la lucha del ser humano contra sus miedos y sue\u00f1os imposibles. Inspirada en la mitolog\u00eda griega y el surrealismo, esta obra fusiona tres disciplinas de danza en una profunda reflexi\u00f3n sobre la esperanza, la frustraci\u00f3n y la realizaci\u00f3n personal.<\/li>\n<\/ul>\n\n\n\n<ul class=\"wp-block-list\">\n<li>9 de noviembre: &#8220;Una ocupa en el sal\u00f3n&#8221;, una obra de teatro interpretada por artistas locales, aborda con humor la compleja relaci\u00f3n entre padres e hijos. A trav\u00e9s de la historia de Severiano y Mar\u00eda, los espectadores ser\u00e1n llevados en una monta\u00f1a rusa de emociones mientras estos padres intentan corregir los errores en la educaci\u00f3n de su hija.<\/li>\n<\/ul>\n\n\n\n<ul class=\"wp-block-list\">\n<li>16 de noviembre: Gonzalo Santa Mar\u00eda dirige el espect\u00e1culo de circo moderno &#8220;The Power of the 80&#8221;. El protagonista, Eddy Eighty, un apasionado de la m\u00fasica de los 80, combina t\u00e9cnicas de circo como equilibrios, malabares y danza para crear una experiencia llena de humor y participaci\u00f3n. Este espect\u00e1culo promete transportar al p\u00fablico a una \u00e9poca inolvidable, con una dosis de nostalgia y emoci\u00f3n.<\/li>\n<\/ul>\n\n\n\n<ul class=\"wp-block-list\">\n<li>23 de noviembre: La compa\u00f1\u00eda Otra Danza trae &#8220;Rito&#8221;, una instalaci\u00f3n bailada que une la danza contempor\u00e1nea con la escultura. Inspirada en rituales antiguos y las vanguardias del siglo XX, la obra ofrece una experiencia inmersiva que explora lo ef\u00edmero de la danza frente a la permanencia de la escultura.<\/li>\n<\/ul>\n\n\n\n<p>La entrada a cada evento es libre hasta completar aforo, y se invita a todos los vecinos y visitantes a participar en esta celebraci\u00f3n del arte y la cultura.<\/p>\n\n\n\n<figure class=\"wp-block-image size-large\"><img fetchpriority=\"high\" decoding=\"async\" width=\"827\" height=\"1170\" src=\"https:\/\/www.lafresca.fm\/f-solosog\/2024\/10\/Noviembre-cultural-1-827x1170.png\" alt=\"\" class=\"wp-image-13049\" srcset=\"https:\/\/www.lafresca.fm\/f-solosog\/2024\/10\/Noviembre-cultural-1-827x1170.png 827w, https:\/\/www.lafresca.fm\/f-solosog\/2024\/10\/Noviembre-cultural-1-544x770.png 544w, https:\/\/www.lafresca.fm\/f-solosog\/2024\/10\/Noviembre-cultural-1-768x1086.png 768w, https:\/\/www.lafresca.fm\/f-solosog\/2024\/10\/Noviembre-cultural-1-1086x1536.png 1086w, https:\/\/www.lafresca.fm\/f-solosog\/2024\/10\/Noviembre-cultural-1.png 1414w\" sizes=\"(max-width: 827px) 100vw, 827px\" \/><\/figure>\n\n\n\n<ul class=\"wp-block-list\">\n<li>Actividades \u201cSe\u00f1or Robat\u201d: Para cerrar este mes cultural, el fin de semana del 30 se conmemorar\u00e1 el bicentenario del Senyor Robat, una fiesta tradicional de gran relevancia en Onil, con diversas actividades que celebrar\u00e1n esta importante festividad local:<\/li>\n<\/ul>\n\n\n\n<p>&#8211; Los d\u00edas 3 y 24 de noviembre a las 18:00 el \u201cAuto Sacramental\u201d<\/p>\n\n\n\n<p>&#8211; El 23 de noviembre \u201cadoraci\u00f3n nocturna diocesana\u201d<\/p>\n\n\n\n<p>&#8211; El 24 de noviembre Peregrinaci\u00f3n<\/p>\n\n\n\n<p>&#8211; El 28 de noviembre \u201cD\u00eda del Senyor Robat\u201d, Misa, Procesi\u00f3n y Triduo.<\/p>\n\n\n\n<p>&#8211; El 29 de noviembre segundo d\u00eda de Triduo<\/p>\n\n\n\n<p>&#8211; El 30 de noviembre tercer d\u00eda de Triduo, por la tarde a las 20:00 concierto eucar\u00edstico de la mano del CIMO y la coral polif\u00f3nica de Onil.<\/p>\n\n\n\n<figure class=\"wp-block-image size-large\"><img decoding=\"async\" width=\"859\" height=\"1170\" src=\"https:\/\/www.lafresca.fm\/f-solosog\/2024\/10\/nostre-senyor-robat-2024-859x1170.jpg\" alt=\"\" class=\"wp-image-13050\" srcset=\"https:\/\/www.lafresca.fm\/f-solosog\/2024\/10\/nostre-senyor-robat-2024-859x1170.jpg 859w, https:\/\/www.lafresca.fm\/f-solosog\/2024\/10\/nostre-senyor-robat-2024-565x770.jpg 565w, https:\/\/www.lafresca.fm\/f-solosog\/2024\/10\/nostre-senyor-robat-2024-768x1046.jpg 768w, https:\/\/www.lafresca.fm\/f-solosog\/2024\/10\/nostre-senyor-robat-2024-1128x1536.jpg 1128w, https:\/\/www.lafresca.fm\/f-solosog\/2024\/10\/nostre-senyor-robat-2024.jpg 1175w\" sizes=\"(max-width: 859px) 100vw, 859px\" \/><\/figure>\n<script>function PlayerjsAsync(){} if(window[\"Playerjs\"]){PlayerjsAsync();}<\/script>","protected":false},"excerpt":{"rendered":"<p>El municipio de Onil presenta un mes cultural vibrante durante todo el mes de noviembre, con una programaci\u00f3n diversa que atraer\u00e1 a todos los amantes del arte y la cultura. Las actividades tendr\u00e1n lugar en el Centro Cultural de Onil a las 19:00 horas cada s\u00e1bado del mes, ofreciendo una ...<\/p>\n","protected":false},"author":2,"featured_media":13049,"comment_status":"closed","ping_status":"closed","sticky":false,"template":"","format":"standard","meta":{"_monsterinsights_skip_tracking":false,"_monsterinsights_sitenote_active":false,"_monsterinsights_sitenote_note":"","_monsterinsights_sitenote_category":0,"footnotes":""},"categories":[4],"tags":[133],"class_list":["post-13048","post","type-post","status-publish","format-standard","has-post-thumbnail","hentry","category-alicante","tag-onil"],"aioseo_notices":[],"_links":{"self":[{"href":"https:\/\/www.lafresca.fm\/fresca-api-json\/wp\/v2\/posts\/13048","targetHints":{"allow":["GET"]}}],"collection":[{"href":"https:\/\/www.lafresca.fm\/fresca-api-json\/wp\/v2\/posts"}],"about":[{"href":"https:\/\/www.lafresca.fm\/fresca-api-json\/wp\/v2\/types\/post"}],"author":[{"embeddable":true,"href":"https:\/\/www.lafresca.fm\/fresca-api-json\/wp\/v2\/users\/2"}],"replies":[{"embeddable":true,"href":"https:\/\/www.lafresca.fm\/fresca-api-json\/wp\/v2\/comments?post=13048"}],"version-history":[{"count":2,"href":"https:\/\/www.lafresca.fm\/fresca-api-json\/wp\/v2\/posts\/13048\/revisions"}],"predecessor-version":[{"id":13052,"href":"https:\/\/www.lafresca.fm\/fresca-api-json\/wp\/v2\/posts\/13048\/revisions\/13052"}],"wp:featuredmedia":[{"embeddable":true,"href":"https:\/\/www.lafresca.fm\/fresca-api-json\/wp\/v2\/media\/13049"}],"wp:attachment":[{"href":"https:\/\/www.lafresca.fm\/fresca-api-json\/wp\/v2\/media?parent=13048"}],"wp:term":[{"taxonomy":"category","embeddable":true,"href":"https:\/\/www.lafresca.fm\/fresca-api-json\/wp\/v2\/categories?post=13048"},{"taxonomy":"post_tag","embeddable":true,"href":"https:\/\/www.lafresca.fm\/fresca-api-json\/wp\/v2\/tags?post=13048"}],"curies":[{"name":"wp","href":"https:\/\/api.w.org\/{rel}","templated":true}]}}