{"id":13119,"date":"2024-11-04T15:15:28","date_gmt":"2024-11-04T14:15:28","guid":{"rendered":"https:\/\/www.lafresca.fm\/?p=13119"},"modified":"2024-11-04T15:15:30","modified_gmt":"2024-11-04T14:15:30","slug":"ibi-consigue-reducir-las-colonias-felinas-de-47-a-11-gracias-al-programa-de-control-en-la-gestion-de-colonias","status":"publish","type":"post","link":"https:\/\/www.lafresca.fm\/ibi-consigue-reducir-las-colonias-felinas-de-47-a-11-gracias-al-programa-de-control-en-la-gestion-de-colonias\/","title":{"rendered":"Ibi consigue reducir las colonias felinas de 47 a 11, gracias al Programa de Control en la Gesti\u00f3n de Colonias"},"content":{"rendered":"\n<ul class=\"wp-block-list\">\n<li>Las colonias han pasado de ser 47, descontroladas, a 11 colonias repartidas por la localidad, totalmente controladas y atendidas por personas voluntarias.<\/li>\n<\/ul>\n\n\n\n<p>La semana pasada se presentaba en el Ayuntamiento de Ibi, el Programa de Gesti\u00f3n de Colonias Felinas en el t\u00e9rmino municipal, cuyo objetivo es el definir los criterios y condiciones que han de cumplirse para la gesti\u00f3n de las colonias controladas de gatos sin propietario en la localidad.<\/p>\n\n\n\n<p>Lara Ayala, teniente de alcalde del \u00e1rea de Bienestar Animal, acompa\u00f1ada por el alcalde, Sergio Carrasco, y un miembro de la Sociedad Protectora de Animales de Ibi, presentaba este programa de voluntariado este modelo que se est\u00e1 implantando desde principios de a\u00f1o, en colaboraci\u00f3n con la Protectora de Animales de Ibi, con el que se va a permitir reducir o eliminar los posibles problemas que puedan surgir asociados a la presencia de gatos sin propietario no controlados, favorecer la colaboraci\u00f3n de los implicados y estabilizar el tama\u00f1o de las colonias, disminuyendo el volumen de animales en las colonias as\u00ed como los ingresados en los centros de acogida.<\/p>\n\n\n\n<figure class=\"wp-block-image size-large is-resized\"><img fetchpriority=\"high\" decoding=\"async\" width=\"1170\" height=\"878\" src=\"https:\/\/www.lafresca.fm\/f-solosog\/2024\/11\/465284993_1712492009467852_9170344995337593203_n-1170x878.jpg\" alt=\"\" class=\"wp-image-13121\" style=\"width:723px;height:auto\" srcset=\"https:\/\/www.lafresca.fm\/f-solosog\/2024\/11\/465284993_1712492009467852_9170344995337593203_n-1170x878.jpg 1170w, https:\/\/www.lafresca.fm\/f-solosog\/2024\/11\/465284993_1712492009467852_9170344995337593203_n-770x578.jpg 770w, https:\/\/www.lafresca.fm\/f-solosog\/2024\/11\/465284993_1712492009467852_9170344995337593203_n-768x576.jpg 768w, https:\/\/www.lafresca.fm\/f-solosog\/2024\/11\/465284993_1712492009467852_9170344995337593203_n-1536x1152.jpg 1536w, https:\/\/www.lafresca.fm\/f-solosog\/2024\/11\/465284993_1712492009467852_9170344995337593203_n.jpg 1600w\" sizes=\"(max-width: 1170px) 100vw, 1170px\" \/><\/figure>\n\n\n\n<p>Adem\u00e1s, explicaba que es un proyecto que se basa en al labor altruista de los vecinos, colectivos y asociaciones de Ibi que deseen colaborar. Esta red de voluntarios, creada junto con veterinarios y Ayuntamiento trabajar\u00e1n por la protecci\u00f3n y el respeto hacia los animales, cumpliendo con la Ley de Bienestar Animal.<\/p>\n\n\n\n<p>La edil hac\u00eda hincapi\u00e9 en que los voluntarios deben inscribirse en el ayuntamiento y ser autorizados, a la vez que se les entrega de un carnet identificativo. Estas personas autorizadas ser\u00e1n las \u00fanicas que puedan participar en la alimentaci\u00f3n adecuada de la colonia de gatos, recordando que cualquier otro vecino, como recoge la ordenanza municipal, tiene prohibido realizar esta funci\u00f3n en la v\u00eda p\u00fablica. Adem\u00e1s, la red de voluntarios velar\u00e1 por las condiciones higi\u00e9nicas y de limpieza de las 11 zonas establecidas como colonias. A su vez, se realizar\u00e1 un control de la poblaci\u00f3n felina elaborando un censo de los animales, y controlar su incremento a trav\u00e9s del proyecto CER (Captura, Esterilizaci\u00f3n y Retorno).<\/p>\n\n\n\n<figure class=\"wp-block-image size-full is-resized\"><img decoding=\"async\" width=\"990\" height=\"556\" src=\"https:\/\/www.lafresca.fm\/f-solosog\/2024\/11\/colonia-felina-en-valencia.webp\" alt=\"\" class=\"wp-image-13120\" style=\"width:732px;height:auto\" srcset=\"https:\/\/www.lafresca.fm\/f-solosog\/2024\/11\/colonia-felina-en-valencia.webp 990w, https:\/\/www.lafresca.fm\/f-solosog\/2024\/11\/colonia-felina-en-valencia-770x432.webp 770w, https:\/\/www.lafresca.fm\/f-solosog\/2024\/11\/colonia-felina-en-valencia-768x431.webp 768w\" sizes=\"(max-width: 990px) 100vw, 990px\" \/><\/figure>\n\n\n\n<p>Son 11 las colonias felinas, ubicadas y se\u00f1alizadas en carrer les Eres, Parque Giravela, zona del Cementerio, Plaza Nueva York, carrer Enfarinats, Albergue Canino, calle Jovellanos, Glorieta de Espa\u00f1a y Avenida del Juguete, en las que el ayuntamiento ya ha instalado 24 casitas aptas para dar cobijo a los gatos. En esta cuesti\u00f3n, se hace un llamamiento desde el consistorio por el civismo y el respeto, ya que sobre dos de las casas ya se han realizado actos vand\u00e1licos. La concejal\u00eda de Bienestar Animal y la Protectora de Animales llevan trabajando meses para pasar de las 47 colonias felinas incontroladas que hab\u00eda a las 11 que se han establecido ahora.<\/p>\n\n\n\n<p>Ayala ha agradecido p\u00fablicamente la colaboraci\u00f3n y el compromiso tanto de la Protectora como de los 17 voluntarios que participan altruistamente en este proyecto. Cerraba la presentaci\u00f3n el alcalde, Sergio Carrasco, para agradecer, felicitar y poner en valor el trabajo que se est\u00e1 realizando desde la concejal\u00eda, dando pasos firmes por el bienestar animal.<\/p>\n<script>function PlayerjsAsync(){} if(window[\"Playerjs\"]){PlayerjsAsync();}<\/script>","protected":false},"excerpt":{"rendered":"<p>La semana pasada se presentaba en el Ayuntamiento de Ibi, el Programa de Gesti\u00f3n de Colonias Felinas en el t\u00e9rmino municipal, cuyo objetivo es el definir los criterios y condiciones que han de cumplirse para la gesti\u00f3n de las colonias controladas de gatos sin propietario en la localidad. Lara Ayala, ...<\/p>\n","protected":false},"author":2,"featured_media":13120,"comment_status":"closed","ping_status":"closed","sticky":false,"template":"","format":"standard","meta":{"_monsterinsights_skip_tracking":false,"_monsterinsights_sitenote_active":false,"_monsterinsights_sitenote_note":"","_monsterinsights_sitenote_category":0,"footnotes":""},"categories":[4],"tags":[128],"class_list":["post-13119","post","type-post","status-publish","format-standard","has-post-thumbnail","hentry","category-alicante","tag-ibi"],"aioseo_notices":[],"_links":{"self":[{"href":"https:\/\/www.lafresca.fm\/fresca-api-json\/wp\/v2\/posts\/13119","targetHints":{"allow":["GET"]}}],"collection":[{"href":"https:\/\/www.lafresca.fm\/fresca-api-json\/wp\/v2\/posts"}],"about":[{"href":"https:\/\/www.lafresca.fm\/fresca-api-json\/wp\/v2\/types\/post"}],"author":[{"embeddable":true,"href":"https:\/\/www.lafresca.fm\/fresca-api-json\/wp\/v2\/users\/2"}],"replies":[{"embeddable":true,"href":"https:\/\/www.lafresca.fm\/fresca-api-json\/wp\/v2\/comments?post=13119"}],"version-history":[{"count":2,"href":"https:\/\/www.lafresca.fm\/fresca-api-json\/wp\/v2\/posts\/13119\/revisions"}],"predecessor-version":[{"id":13123,"href":"https:\/\/www.lafresca.fm\/fresca-api-json\/wp\/v2\/posts\/13119\/revisions\/13123"}],"wp:featuredmedia":[{"embeddable":true,"href":"https:\/\/www.lafresca.fm\/fresca-api-json\/wp\/v2\/media\/13120"}],"wp:attachment":[{"href":"https:\/\/www.lafresca.fm\/fresca-api-json\/wp\/v2\/media?parent=13119"}],"wp:term":[{"taxonomy":"category","embeddable":true,"href":"https:\/\/www.lafresca.fm\/fresca-api-json\/wp\/v2\/categories?post=13119"},{"taxonomy":"post_tag","embeddable":true,"href":"https:\/\/www.lafresca.fm\/fresca-api-json\/wp\/v2\/tags?post=13119"}],"curies":[{"name":"wp","href":"https:\/\/api.w.org\/{rel}","templated":true}]}}