{"id":13129,"date":"2024-11-04T15:46:18","date_gmt":"2024-11-04T14:46:18","guid":{"rendered":"https:\/\/www.lafresca.fm\/?p=13129"},"modified":"2024-11-04T16:15:51","modified_gmt":"2024-11-04T15:15:51","slug":"biar-quiere-ser-pueblo-ferrero-rocher-2024","status":"publish","type":"post","link":"https:\/\/www.lafresca.fm\/biar-quiere-ser-pueblo-ferrero-rocher-2024\/","title":{"rendered":"Biar quiere ser pueblo Ferrero Rocher 2024"},"content":{"rendered":"\n<p>El municipio alicantino se enfrenta a otros cuatro del resto del territorio nacional<\/p>\n\n\n\n<p>Hoy arranca la campa\u00f1a en la que se pedir\u00e1 el voto en tres fases diferentes<\/p>\n\n\n\n<p>Biar ha sido seleccionado como uno de los cinco pueblos candidatos en el concurso \u201cJuntos Brillamos M\u00e1s\u201d de Ferrero Rocher, que este a\u00f1o se basa en el eje \u201cToque de Oro\u201d. En esta edici\u00f3n, el municipio busca el apoyo para lograr que el ic\u00f3nico alumbrado navide\u00f1o ilumine sus calles. Biar mide sus fuerzas con otros cuatro pueblos: \u00c1greda (Soria), El Coronil ( Sevila), La Adrada (\u00c1vila), Ribadavia (Ourense).<\/p>\n\n\n\n<p>La alcaldesa de Biar, Magdalena Mart\u00ednez, ha indicado que \u201ceste concurso es mucho m\u00e1s que una iluminaci\u00f3n navide\u00f1a; es una celebraci\u00f3n de nuestra identidad y una ocasi\u00f3n para mostrar al mundo la belleza y el valor de nuestra cultura\u201d.<\/p>\n\n\n\n<figure class=\"wp-block-image size-large\"><img fetchpriority=\"high\" decoding=\"async\" width=\"1170\" height=\"658\" src=\"https:\/\/www.lafresca.fm\/f-solosog\/2024\/11\/Secuencia-01.01_45_12_17.Imagen-fija001-1170x658.jpg\" alt=\"\" class=\"wp-image-13130\" srcset=\"https:\/\/www.lafresca.fm\/f-solosog\/2024\/11\/Secuencia-01.01_45_12_17.Imagen-fija001-1170x658.jpg 1170w, https:\/\/www.lafresca.fm\/f-solosog\/2024\/11\/Secuencia-01.01_45_12_17.Imagen-fija001-770x433.jpg 770w, https:\/\/www.lafresca.fm\/f-solosog\/2024\/11\/Secuencia-01.01_45_12_17.Imagen-fija001-768x432.jpg 768w, https:\/\/www.lafresca.fm\/f-solosog\/2024\/11\/Secuencia-01.01_45_12_17.Imagen-fija001-1536x864.jpg 1536w, https:\/\/www.lafresca.fm\/f-solosog\/2024\/11\/Secuencia-01.01_45_12_17.Imagen-fija001.jpg 1920w\" sizes=\"(max-width: 1170px) 100vw, 1170px\" \/><\/figure>\n\n\n\n<p>Hoy, 4 de noviembre arranca la primera fase de las votaciones, pero antes en Biar ya se ha vivido la ilusi\u00f3n de esta competici\u00f3n. De hecho, en el mes de septiembre se grabaron las im\u00e1genes para el video en el que se muestra la belleza del pueblo y la decoraci\u00f3n que se ha realizado para optar a este premio. El enlace para votar es: https:\/\/www.ferrerorocher.com\/es\/es\/xp\/pueblos\/<\/p>\n\n\n\n<p>Para este evento, en una de las fachadas laterales del Ayuntamiento se han instalado 400 platos de cer\u00e1mica artesanal de Biar, elaborados a mano y manteniendo las t\u00e9cnicas artesanales originales de la cer\u00e1mica art\u00edstica de Biar . Algunos de estos platos est\u00e1n decorados con motivos tradicionales en blanco y dorado,y otros son dorados al completo, en sinton\u00eda con la tem\u00e1tica de la campa\u00f1a de Ferrero Rocher. Asimismo, en la fachada lateral del hotel-restaurante La Fa\u00e7ana, se han dispuesto un centenar de azulejos dorados que forman el logotipo de &#8220;Biar Belleza Interior&#8221;.<\/p>\n\n\n\n<figure class=\"wp-block-image size-large\"><img decoding=\"async\" width=\"878\" height=\"1170\" src=\"https:\/\/www.lafresca.fm\/f-solosog\/2024\/11\/Gala-Ferrero-Rocher-2024.-Biar-candidata-1-1-878x1170.jpeg\" alt=\"\" class=\"wp-image-13131\" srcset=\"https:\/\/www.lafresca.fm\/f-solosog\/2024\/11\/Gala-Ferrero-Rocher-2024.-Biar-candidata-1-1-878x1170.jpeg 878w, https:\/\/www.lafresca.fm\/f-solosog\/2024\/11\/Gala-Ferrero-Rocher-2024.-Biar-candidata-1-1-578x770.jpeg 578w, https:\/\/www.lafresca.fm\/f-solosog\/2024\/11\/Gala-Ferrero-Rocher-2024.-Biar-candidata-1-1-768x1024.jpeg 768w, https:\/\/www.lafresca.fm\/f-solosog\/2024\/11\/Gala-Ferrero-Rocher-2024.-Biar-candidata-1-1-1152x1536.jpeg 1152w, https:\/\/www.lafresca.fm\/f-solosog\/2024\/11\/Gala-Ferrero-Rocher-2024.-Biar-candidata-1-1.jpeg 1200w\" sizes=\"(max-width: 878px) 100vw, 878px\" \/><\/figure>\n\n\n\n<p>Fases del concurso<\/p>\n\n\n\n<p>El concurso de Ferrero Rocher se divide en tres fases de votaci\u00f3n. El 4 de noviembre comienza oficialmente la votaci\u00f3n, despu\u00e9s de la emisi\u00f3n de un programa especial en YouTube, donde ha participado la alcaldesa Magdalena Mart\u00ednez en representaci\u00f3n de Biar.<\/p>\n\n\n\n<p>\u25cf Primera fase (4 &#8211; 17 de noviembre) : Los cinco pueblos competir\u00e1n en una votaci\u00f3n p\u00fablica. Al final de esta fase, el pueblo con menos votos quedar\u00e1 eliminado.<\/p>\n\n\n\n<p>\u25cf Segunda fase (18 &#8211; 28 de noviembre) : Los cuatro pueblos restantes continuar\u00e1n en una nueva votaci\u00f3n. Dos de ellos quedar\u00e1n fuera, y solo los dos m\u00e1s votados pasar\u00e1n a la final.<\/p>\n\n\n\n<p>\u25cf Tercera fase (29 de noviembre &#8211; 8 de diciembre). Los dos pueblos finalistas competir\u00e1n por el primer lugar. El ganador se anunciar\u00e1 el 10 de diciembre, y Ferrero Rocher iluminar\u00e1 sus calles en una ceremonia especial.<\/p>\n\n\n\n<figure class=\"wp-block-image size-large\"><img decoding=\"async\" width=\"1170\" height=\"1170\" src=\"https:\/\/www.lafresca.fm\/f-solosog\/2024\/11\/Biar-panoramica-1170x1170.jpg\" alt=\"\" class=\"wp-image-13132\" srcset=\"https:\/\/www.lafresca.fm\/f-solosog\/2024\/11\/Biar-panoramica-1170x1170.jpg 1170w, https:\/\/www.lafresca.fm\/f-solosog\/2024\/11\/Biar-panoramica-770x770.jpg 770w, https:\/\/www.lafresca.fm\/f-solosog\/2024\/11\/Biar-panoramica-150x150.jpg 150w, https:\/\/www.lafresca.fm\/f-solosog\/2024\/11\/Biar-panoramica-768x768.jpg 768w, https:\/\/www.lafresca.fm\/f-solosog\/2024\/11\/Biar-panoramica-100x100.jpg 100w, https:\/\/www.lafresca.fm\/f-solosog\/2024\/11\/Biar-panoramica-370x370.jpg 370w, https:\/\/www.lafresca.fm\/f-solosog\/2024\/11\/Biar-panoramica.jpg 1200w\" sizes=\"(max-width: 1170px) 100vw, 1170px\" \/><\/figure>\n\n\n\n<p>Cer\u00e1mica art\u00edstica<\/p>\n\n\n\n<p>La cer\u00e1mica art\u00edstica de Biar, especialmente reconocida por su tradici\u00f3n y calidad, tiene un largo recorrido hist\u00f3rico que se remonta al siglo XVIII. Este arte se caracteriza por el uso de t\u00e9cnicas de cer\u00e1mica vidriada, con predominio de colores como el azul y el blanco. Biar cuenta con uno de los pocos talleres que mantienen la producci\u00f3n de cer\u00e1mica art\u00edstica valenciana.<\/p>\n\n\n\n<p>As\u00ed, los m\u00e1s de 400 platos y azulejos se han realizado en Cer\u00e1mica Maestre, un taller fundado en 1886, contin\u00faa esta tradici\u00f3n artesanal con t\u00e9cnicas transmitidas de generaci\u00f3n en generaci\u00f3n. Este taller no solo produce piezas funcionales, como vajillas y menaje, sino tambi\u00e9n obras de encargo y figuras decorativas, manteniendo viva la esencia y el valor patrimonial de la cer\u00e1mica de Biar para la Comunitat Valenciana.<\/p>\n\n\n\n<p>Menci\u00f3n hacia los afectados de la DANA<\/p>\n\n\n\n<p>En el programa emitido por youtube se hizo menci\u00f3n a los afectados por la DANA. Ante ello, la alcaldesa indic\u00f3 el choque emocional que significaba estar recogiendo alimentos para ayudar a los pueblos hermanos y, en pocas horas, estar en un programa de televisi\u00f3n pidiendo el voto. Adem\u00e1s, se\u00f1al\u00f3 que aunque f\u00edsicamente estaba en Madrid, \u201cel coraz\u00f3n sigue en Valencia\u201d<\/p>\n<script>function PlayerjsAsync(){} if(window[\"Playerjs\"]){PlayerjsAsync();}<\/script>","protected":false},"excerpt":{"rendered":"<p>El municipio alicantino se enfrenta a otros cuatro del resto del territorio nacional Hoy arranca la campa\u00f1a en la que se pedir\u00e1 el voto en tres fases diferentes Biar ha sido seleccionado como uno de los cinco pueblos candidatos en el concurso \u201cJuntos Brillamos M\u00e1s\u201d de Ferrero Rocher, que este ...<\/p>\n","protected":false},"author":2,"featured_media":13130,"comment_status":"closed","ping_status":"closed","sticky":false,"template":"","format":"standard","meta":{"_monsterinsights_skip_tracking":false,"_monsterinsights_sitenote_active":false,"_monsterinsights_sitenote_note":"","_monsterinsights_sitenote_category":0,"footnotes":""},"categories":[4],"tags":[146],"class_list":["post-13129","post","type-post","status-publish","format-standard","has-post-thumbnail","hentry","category-alicante","tag-biar"],"aioseo_notices":[],"_links":{"self":[{"href":"https:\/\/www.lafresca.fm\/fresca-api-json\/wp\/v2\/posts\/13129","targetHints":{"allow":["GET"]}}],"collection":[{"href":"https:\/\/www.lafresca.fm\/fresca-api-json\/wp\/v2\/posts"}],"about":[{"href":"https:\/\/www.lafresca.fm\/fresca-api-json\/wp\/v2\/types\/post"}],"author":[{"embeddable":true,"href":"https:\/\/www.lafresca.fm\/fresca-api-json\/wp\/v2\/users\/2"}],"replies":[{"embeddable":true,"href":"https:\/\/www.lafresca.fm\/fresca-api-json\/wp\/v2\/comments?post=13129"}],"version-history":[{"count":3,"href":"https:\/\/www.lafresca.fm\/fresca-api-json\/wp\/v2\/posts\/13129\/revisions"}],"predecessor-version":[{"id":13136,"href":"https:\/\/www.lafresca.fm\/fresca-api-json\/wp\/v2\/posts\/13129\/revisions\/13136"}],"wp:featuredmedia":[{"embeddable":true,"href":"https:\/\/www.lafresca.fm\/fresca-api-json\/wp\/v2\/media\/13130"}],"wp:attachment":[{"href":"https:\/\/www.lafresca.fm\/fresca-api-json\/wp\/v2\/media?parent=13129"}],"wp:term":[{"taxonomy":"category","embeddable":true,"href":"https:\/\/www.lafresca.fm\/fresca-api-json\/wp\/v2\/categories?post=13129"},{"taxonomy":"post_tag","embeddable":true,"href":"https:\/\/www.lafresca.fm\/fresca-api-json\/wp\/v2\/tags?post=13129"}],"curies":[{"name":"wp","href":"https:\/\/api.w.org\/{rel}","templated":true}]}}