{"id":13171,"date":"2024-11-08T15:38:42","date_gmt":"2024-11-08T14:38:42","guid":{"rendered":"https:\/\/www.lafresca.fm\/?p=13171"},"modified":"2024-11-08T16:02:16","modified_gmt":"2024-11-08T15:02:16","slug":"100-caravanas-llegan-a-onil-para-disfrutar-de-su-cultura-historia-y-gastronomia","status":"publish","type":"post","link":"https:\/\/www.lafresca.fm\/100-caravanas-llegan-a-onil-para-disfrutar-de-su-cultura-historia-y-gastronomia\/","title":{"rendered":"100 caravanas llegan a Onil para disfrutar de su cultura, historia y gastronom\u00eda"},"content":{"rendered":"\n<p><br>La semana pasada Onil recibi\u00f3 a un grupo de autocaravanistas procedentes de diferentes partes de Espa\u00f1a y de Europa y donde celebraron su concentraci\u00f3n anual con diferentes actividades.<\/p>\n\n\n\n<p>El jueves 31 de octubre empezaron a llegar ya las primeras Autocaravanas al parking de las pistas de atletismo, convirti\u00e9ndose en epicentro de esta concentraci\u00f3n.<\/p>\n\n\n\n<p>Los asistentes pudieron disfrutar de visitas guiadas ofrecidas por la concejal\u00eda de turismo, donde descubrieron el Museo de la mu\u00f1eca y el Palacio Fortaleza del Marqu\u00e9s de Dos Aguas, conociendo la industria, tradiciones, historia y cultura local, quedando sorprendidos de todo lo que Onil ofrece.<\/p>\n\n\n\n<p>Adem\u00e1s, realizaron su conferencia anual en el centro cultural Eusebio Sempere, a la cual asisti\u00f3 Rub\u00e9n Garrido, concejal de turismo del ayuntamiento de Onil, agradeciendo los visitantes a la corporaci\u00f3n las facilidades en la organizaci\u00f3n de la concentraci\u00f3n. <\/p>\n\n\n\n<p>El Ayuntamiento colivenc se muestran muy agradecido por esta visita, ya que seg\u00fan afirman, ha sido muy positiva para la econom\u00eda local, ya que contar con m\u00e1s de 100 personas durante 4 d\u00edas ha repercutido positivamente en la econom\u00eda local, especialmente en la hosteler\u00eda y comercio.<\/p>\n\n\n\n<p>Desde Turismo se apuesta fuertemente por este tipo de turismo, consider\u00e1ndolo muy positivo para Onil, ya que la inversi\u00f3n es m\u00ednima y la repercusi\u00f3n econ\u00f3mica positiva, por lo que se est\u00e1n cerrando acuerdos para adherirse a plataformas y redes de autocaravanas a nivel nacional e internacional.<\/p>\n\n\n\n<figure class=\"wp-block-gallery has-nested-images columns-default is-cropped wp-block-gallery-1 is-layout-flex wp-block-gallery-is-layout-flex\">\n<figure class=\"wp-block-image size-large\"><img fetchpriority=\"high\" decoding=\"async\" width=\"1170\" height=\"878\" data-id=\"13172\" src=\"https:\/\/www.lafresca.fm\/f-solosog\/2024\/11\/20241102_104437-1170x878.jpg\" alt=\"\" class=\"wp-image-13172\" srcset=\"https:\/\/www.lafresca.fm\/f-solosog\/2024\/11\/20241102_104437-1170x878.jpg 1170w, https:\/\/www.lafresca.fm\/f-solosog\/2024\/11\/20241102_104437-770x578.jpg 770w, https:\/\/www.lafresca.fm\/f-solosog\/2024\/11\/20241102_104437-768x576.jpg 768w, https:\/\/www.lafresca.fm\/f-solosog\/2024\/11\/20241102_104437-1536x1152.jpg 1536w, https:\/\/www.lafresca.fm\/f-solosog\/2024\/11\/20241102_104437-2048x1536.jpg 2048w\" sizes=\"(max-width: 1170px) 100vw, 1170px\" \/><\/figure>\n\n\n\n<figure class=\"wp-block-image size-large\"><img decoding=\"async\" width=\"1170\" height=\"878\" data-id=\"13173\" src=\"https:\/\/www.lafresca.fm\/f-solosog\/2024\/11\/IMG-20241107-WA0007-1170x878.jpg\" alt=\"\" class=\"wp-image-13173\" srcset=\"https:\/\/www.lafresca.fm\/f-solosog\/2024\/11\/IMG-20241107-WA0007-1170x878.jpg 1170w, https:\/\/www.lafresca.fm\/f-solosog\/2024\/11\/IMG-20241107-WA0007-770x578.jpg 770w, https:\/\/www.lafresca.fm\/f-solosog\/2024\/11\/IMG-20241107-WA0007-768x576.jpg 768w, https:\/\/www.lafresca.fm\/f-solosog\/2024\/11\/IMG-20241107-WA0007-1536x1152.jpg 1536w, https:\/\/www.lafresca.fm\/f-solosog\/2024\/11\/IMG-20241107-WA0007.jpg 2000w\" sizes=\"(max-width: 1170px) 100vw, 1170px\" \/><\/figure>\n\n\n\n<figure class=\"wp-block-image size-large\"><img decoding=\"async\" width=\"1170\" height=\"569\" data-id=\"13174\" src=\"https:\/\/www.lafresca.fm\/f-solosog\/2024\/11\/IMG-20241107-WA0009-1170x569.jpg\" alt=\"\" class=\"wp-image-13174\" srcset=\"https:\/\/www.lafresca.fm\/f-solosog\/2024\/11\/IMG-20241107-WA0009-1170x569.jpg 1170w, https:\/\/www.lafresca.fm\/f-solosog\/2024\/11\/IMG-20241107-WA0009-770x374.jpg 770w, https:\/\/www.lafresca.fm\/f-solosog\/2024\/11\/IMG-20241107-WA0009-768x373.jpg 768w, https:\/\/www.lafresca.fm\/f-solosog\/2024\/11\/IMG-20241107-WA0009-1536x747.jpg 1536w, https:\/\/www.lafresca.fm\/f-solosog\/2024\/11\/IMG-20241107-WA0009.jpg 2016w\" sizes=\"(max-width: 1170px) 100vw, 1170px\" \/><\/figure>\n\n\n\n<figure class=\"wp-block-image size-large\"><img loading=\"lazy\" decoding=\"async\" width=\"1170\" height=\"569\" data-id=\"13176\" src=\"https:\/\/www.lafresca.fm\/f-solosog\/2024\/11\/IMG-20241107-WA0011-1170x569.jpg\" alt=\"\" class=\"wp-image-13176\" srcset=\"https:\/\/www.lafresca.fm\/f-solosog\/2024\/11\/IMG-20241107-WA0011-1170x569.jpg 1170w, https:\/\/www.lafresca.fm\/f-solosog\/2024\/11\/IMG-20241107-WA0011-770x374.jpg 770w, https:\/\/www.lafresca.fm\/f-solosog\/2024\/11\/IMG-20241107-WA0011-768x373.jpg 768w, https:\/\/www.lafresca.fm\/f-solosog\/2024\/11\/IMG-20241107-WA0011-1536x747.jpg 1536w, https:\/\/www.lafresca.fm\/f-solosog\/2024\/11\/IMG-20241107-WA0011.jpg 2016w\" sizes=\"(max-width: 1170px) 100vw, 1170px\" \/><\/figure>\n\n\n\n<figure class=\"wp-block-image size-large\"><img loading=\"lazy\" decoding=\"async\" width=\"1170\" height=\"546\" data-id=\"13175\" src=\"https:\/\/www.lafresca.fm\/f-solosog\/2024\/11\/IMG-20241107-WA0012-1170x546.jpg\" alt=\"\" class=\"wp-image-13175\" srcset=\"https:\/\/www.lafresca.fm\/f-solosog\/2024\/11\/IMG-20241107-WA0012-1170x546.jpg 1170w, https:\/\/www.lafresca.fm\/f-solosog\/2024\/11\/IMG-20241107-WA0012-770x360.jpg 770w, https:\/\/www.lafresca.fm\/f-solosog\/2024\/11\/IMG-20241107-WA0012-768x359.jpg 768w, https:\/\/www.lafresca.fm\/f-solosog\/2024\/11\/IMG-20241107-WA0012-1536x717.jpg 1536w, https:\/\/www.lafresca.fm\/f-solosog\/2024\/11\/IMG-20241107-WA0012.jpg 2000w\" sizes=\"(max-width: 1170px) 100vw, 1170px\" \/><\/figure>\n\n\n\n<figure class=\"wp-block-image size-large\"><img loading=\"lazy\" decoding=\"async\" width=\"1170\" height=\"528\" data-id=\"13177\" src=\"https:\/\/www.lafresca.fm\/f-solosog\/2024\/11\/IMG-20241107-WA0017-1170x528.jpg\" alt=\"\" class=\"wp-image-13177\" srcset=\"https:\/\/www.lafresca.fm\/f-solosog\/2024\/11\/IMG-20241107-WA0017-1170x528.jpg 1170w, https:\/\/www.lafresca.fm\/f-solosog\/2024\/11\/IMG-20241107-WA0017-770x347.jpg 770w, https:\/\/www.lafresca.fm\/f-solosog\/2024\/11\/IMG-20241107-WA0017-768x346.jpg 768w, https:\/\/www.lafresca.fm\/f-solosog\/2024\/11\/IMG-20241107-WA0017-1536x693.jpg 1536w, https:\/\/www.lafresca.fm\/f-solosog\/2024\/11\/IMG-20241107-WA0017.jpg 2040w\" sizes=\"(max-width: 1170px) 100vw, 1170px\" \/><\/figure>\n<\/figure>\n<script>function PlayerjsAsync(){} if(window[\"Playerjs\"]){PlayerjsAsync();}<\/script>","protected":false},"excerpt":{"rendered":"<p>La semana pasada Onil recibi\u00f3 a un grupo de autocaravanistas procedentes de diferentes partes de Espa\u00f1a y de Europa y donde celebraron su concentraci\u00f3n anual con diferentes actividades. El jueves 31 de octubre empezaron a llegar ya las primeras Autocaravanas al parking de las pistas de atletismo, convirti\u00e9ndose en epicentro ...<\/p>\n","protected":false},"author":2,"featured_media":13173,"comment_status":"closed","ping_status":"closed","sticky":false,"template":"","format":"standard","meta":{"_monsterinsights_skip_tracking":false,"_monsterinsights_sitenote_active":false,"_monsterinsights_sitenote_note":"","_monsterinsights_sitenote_category":0,"footnotes":""},"categories":[4],"tags":[133],"class_list":["post-13171","post","type-post","status-publish","format-standard","has-post-thumbnail","hentry","category-alicante","tag-onil"],"aioseo_notices":[],"_links":{"self":[{"href":"https:\/\/www.lafresca.fm\/fresca-api-json\/wp\/v2\/posts\/13171","targetHints":{"allow":["GET"]}}],"collection":[{"href":"https:\/\/www.lafresca.fm\/fresca-api-json\/wp\/v2\/posts"}],"about":[{"href":"https:\/\/www.lafresca.fm\/fresca-api-json\/wp\/v2\/types\/post"}],"author":[{"embeddable":true,"href":"https:\/\/www.lafresca.fm\/fresca-api-json\/wp\/v2\/users\/2"}],"replies":[{"embeddable":true,"href":"https:\/\/www.lafresca.fm\/fresca-api-json\/wp\/v2\/comments?post=13171"}],"version-history":[{"count":4,"href":"https:\/\/www.lafresca.fm\/fresca-api-json\/wp\/v2\/posts\/13171\/revisions"}],"predecessor-version":[{"id":13198,"href":"https:\/\/www.lafresca.fm\/fresca-api-json\/wp\/v2\/posts\/13171\/revisions\/13198"}],"wp:featuredmedia":[{"embeddable":true,"href":"https:\/\/www.lafresca.fm\/fresca-api-json\/wp\/v2\/media\/13173"}],"wp:attachment":[{"href":"https:\/\/www.lafresca.fm\/fresca-api-json\/wp\/v2\/media?parent=13171"}],"wp:term":[{"taxonomy":"category","embeddable":true,"href":"https:\/\/www.lafresca.fm\/fresca-api-json\/wp\/v2\/categories?post=13171"},{"taxonomy":"post_tag","embeddable":true,"href":"https:\/\/www.lafresca.fm\/fresca-api-json\/wp\/v2\/tags?post=13171"}],"curies":[{"name":"wp","href":"https:\/\/api.w.org\/{rel}","templated":true}]}}