{"id":13179,"date":"2024-11-08T15:47:22","date_gmt":"2024-11-08T14:47:22","guid":{"rendered":"https:\/\/www.lafresca.fm\/?p=13179"},"modified":"2024-11-08T15:47:23","modified_gmt":"2024-11-08T14:47:23","slug":"el-pueblo-de-onil-se-vuelca-con-la-tragedia-de-la-dana-de-valencia","status":"publish","type":"post","link":"https:\/\/www.lafresca.fm\/el-pueblo-de-onil-se-vuelca-con-la-tragedia-de-la-dana-de-valencia\/","title":{"rendered":"El pueblo de Onil se vuelca con la tragedia de la DANA de Valencia"},"content":{"rendered":"\n<p><br>Despu\u00e9s de la tragedia acontecida en diferentes pueblos de la Comunidad Valencia, Onil, se organiz\u00f3 inmediatamente para ayudar a los pueblos afectados.<\/p>\n\n\n\n<p>El pasado mi\u00e9rcoles 30 de octubre diferentes asociaciones locales, conjuntamente con el ayuntamiento, organizaron una primera recogida de alimentos, mantas, ropa de abrigo, etc. <\/p>\n\n\n\n<p>Viendo la gran necesidad de los pueblos afectados se organizaron m\u00e1s recogidas durante el jueves, viernes y s\u00e1bado, en las cuales se recogieron m\u00e1s de 30.000kg de alimentos, agua, leche, mantas y enseres que solicitaban desde las localidades afectadas de la provincia de valencia.<\/p>\n\n\n\n<p>Durante esa misma semana se han ido desplazando camiones, furgonetas y coches particulares desde Onil hasta los pueblos afectados, pudiendo enviar todo lo recogido a muchas localidades necesitadas.<\/p>\n\n\n\n<p>Tambi\u00e9n se trasladaron a estos pueblos parte de la polic\u00eda local de Onil, haciendo una gran labor de ayuda en esos primeros d\u00edas tan importantes.<\/p>\n\n\n\n<p>Durante esta semana se han vuelto a organizar recogidas de material en los bajos del mercado municipal de Onil, siendo el Jueves, viernes y s\u00e1bado los d\u00edas programados para tal fin. Todo esto se ha coordinado con los responsables de la ayuda en las diferentes zonas y se ha solicitado los productos y enseres m\u00e1s necesarios en este momento.<\/p>\n\n\n\n<figure class=\"wp-block-gallery has-nested-images columns-default is-cropped wp-block-gallery-1 is-layout-flex wp-block-gallery-is-layout-flex\">\n<figure class=\"wp-block-image size-large\"><img fetchpriority=\"high\" decoding=\"async\" width=\"1080\" height=\"608\" data-id=\"13181\" src=\"https:\/\/www.lafresca.fm\/f-solosog\/2024\/11\/FB_IMG_1730985538186-1.jpg\" alt=\"\" class=\"wp-image-13181\" srcset=\"https:\/\/www.lafresca.fm\/f-solosog\/2024\/11\/FB_IMG_1730985538186-1.jpg 1080w, https:\/\/www.lafresca.fm\/f-solosog\/2024\/11\/FB_IMG_1730985538186-1-770x433.jpg 770w, https:\/\/www.lafresca.fm\/f-solosog\/2024\/11\/FB_IMG_1730985538186-1-768x432.jpg 768w\" sizes=\"(max-width: 1080px) 100vw, 1080px\" \/><\/figure>\n\n\n\n<figure class=\"wp-block-image size-large\"><img decoding=\"async\" width=\"1080\" height=\"608\" data-id=\"13182\" src=\"https:\/\/www.lafresca.fm\/f-solosog\/2024\/11\/FB_IMG_1730985543611-1.jpg\" alt=\"\" class=\"wp-image-13182\" srcset=\"https:\/\/www.lafresca.fm\/f-solosog\/2024\/11\/FB_IMG_1730985543611-1.jpg 1080w, https:\/\/www.lafresca.fm\/f-solosog\/2024\/11\/FB_IMG_1730985543611-1-770x433.jpg 770w, https:\/\/www.lafresca.fm\/f-solosog\/2024\/11\/FB_IMG_1730985543611-1-768x432.jpg 768w\" sizes=\"(max-width: 1080px) 100vw, 1080px\" \/><\/figure>\n\n\n\n<figure class=\"wp-block-image size-large\"><img decoding=\"async\" width=\"878\" height=\"1170\" data-id=\"13185\" src=\"https:\/\/www.lafresca.fm\/f-solosog\/2024\/11\/FB_IMG_1730985570603-878x1170.jpg\" alt=\"\" class=\"wp-image-13185\" srcset=\"https:\/\/www.lafresca.fm\/f-solosog\/2024\/11\/FB_IMG_1730985570603-878x1170.jpg 878w, https:\/\/www.lafresca.fm\/f-solosog\/2024\/11\/FB_IMG_1730985570603-578x770.jpg 578w, https:\/\/www.lafresca.fm\/f-solosog\/2024\/11\/FB_IMG_1730985570603-768x1024.jpg 768w, https:\/\/www.lafresca.fm\/f-solosog\/2024\/11\/FB_IMG_1730985570603.jpg 1080w\" sizes=\"(max-width: 878px) 100vw, 878px\" \/><\/figure>\n\n\n\n<figure class=\"wp-block-image size-large\"><img loading=\"lazy\" decoding=\"async\" width=\"1080\" height=\"608\" data-id=\"13183\" src=\"https:\/\/www.lafresca.fm\/f-solosog\/2024\/11\/FB_IMG_1730985629924-1.jpg\" alt=\"\" class=\"wp-image-13183\" srcset=\"https:\/\/www.lafresca.fm\/f-solosog\/2024\/11\/FB_IMG_1730985629924-1.jpg 1080w, https:\/\/www.lafresca.fm\/f-solosog\/2024\/11\/FB_IMG_1730985629924-1-770x433.jpg 770w, https:\/\/www.lafresca.fm\/f-solosog\/2024\/11\/FB_IMG_1730985629924-1-768x432.jpg 768w\" sizes=\"(max-width: 1080px) 100vw, 1080px\" \/><\/figure>\n\n\n\n<figure class=\"wp-block-image size-large\"><img loading=\"lazy\" decoding=\"async\" width=\"1080\" height=\"608\" data-id=\"13184\" src=\"https:\/\/www.lafresca.fm\/f-solosog\/2024\/11\/FB_IMG_1730985528692.jpg\" alt=\"\" class=\"wp-image-13184\" srcset=\"https:\/\/www.lafresca.fm\/f-solosog\/2024\/11\/FB_IMG_1730985528692.jpg 1080w, https:\/\/www.lafresca.fm\/f-solosog\/2024\/11\/FB_IMG_1730985528692-770x433.jpg 770w, https:\/\/www.lafresca.fm\/f-solosog\/2024\/11\/FB_IMG_1730985528692-768x432.jpg 768w\" sizes=\"(max-width: 1080px) 100vw, 1080px\" \/><\/figure>\n\n\n\n<figure class=\"wp-block-image size-large\"><img loading=\"lazy\" decoding=\"async\" width=\"1080\" height=\"810\" data-id=\"13187\" src=\"https:\/\/www.lafresca.fm\/f-solosog\/2024\/11\/FB_IMG_1730985582600.jpg\" alt=\"\" class=\"wp-image-13187\" srcset=\"https:\/\/www.lafresca.fm\/f-solosog\/2024\/11\/FB_IMG_1730985582600.jpg 1080w, https:\/\/www.lafresca.fm\/f-solosog\/2024\/11\/FB_IMG_1730985582600-770x578.jpg 770w, https:\/\/www.lafresca.fm\/f-solosog\/2024\/11\/FB_IMG_1730985582600-768x576.jpg 768w\" sizes=\"(max-width: 1080px) 100vw, 1080px\" \/><\/figure>\n<\/figure>\n<script>function PlayerjsAsync(){} if(window[\"Playerjs\"]){PlayerjsAsync();}<\/script>","protected":false},"excerpt":{"rendered":"<p>Despu\u00e9s de la tragedia acontecida en diferentes pueblos de la Comunidad Valencia, Onil, se organiz\u00f3 inmediatamente para ayudar a los pueblos afectados. El pasado mi\u00e9rcoles 30 de octubre diferentes asociaciones locales, conjuntamente con el ayuntamiento, organizaron una primera recogida de alimentos, mantas, ropa de abrigo, etc. Viendo la gran necesidad ...<\/p>\n","protected":false},"author":2,"featured_media":13180,"comment_status":"closed","ping_status":"closed","sticky":false,"template":"","format":"standard","meta":{"_monsterinsights_skip_tracking":false,"_monsterinsights_sitenote_active":false,"_monsterinsights_sitenote_note":"","_monsterinsights_sitenote_category":0,"footnotes":""},"categories":[4],"tags":[133],"class_list":["post-13179","post","type-post","status-publish","format-standard","has-post-thumbnail","hentry","category-alicante","tag-onil"],"aioseo_notices":[],"_links":{"self":[{"href":"https:\/\/www.lafresca.fm\/fresca-api-json\/wp\/v2\/posts\/13179","targetHints":{"allow":["GET"]}}],"collection":[{"href":"https:\/\/www.lafresca.fm\/fresca-api-json\/wp\/v2\/posts"}],"about":[{"href":"https:\/\/www.lafresca.fm\/fresca-api-json\/wp\/v2\/types\/post"}],"author":[{"embeddable":true,"href":"https:\/\/www.lafresca.fm\/fresca-api-json\/wp\/v2\/users\/2"}],"replies":[{"embeddable":true,"href":"https:\/\/www.lafresca.fm\/fresca-api-json\/wp\/v2\/comments?post=13179"}],"version-history":[{"count":2,"href":"https:\/\/www.lafresca.fm\/fresca-api-json\/wp\/v2\/posts\/13179\/revisions"}],"predecessor-version":[{"id":13190,"href":"https:\/\/www.lafresca.fm\/fresca-api-json\/wp\/v2\/posts\/13179\/revisions\/13190"}],"wp:featuredmedia":[{"embeddable":true,"href":"https:\/\/www.lafresca.fm\/fresca-api-json\/wp\/v2\/media\/13180"}],"wp:attachment":[{"href":"https:\/\/www.lafresca.fm\/fresca-api-json\/wp\/v2\/media?parent=13179"}],"wp:term":[{"taxonomy":"category","embeddable":true,"href":"https:\/\/www.lafresca.fm\/fresca-api-json\/wp\/v2\/categories?post=13179"},{"taxonomy":"post_tag","embeddable":true,"href":"https:\/\/www.lafresca.fm\/fresca-api-json\/wp\/v2\/tags?post=13179"}],"curies":[{"name":"wp","href":"https:\/\/api.w.org\/{rel}","templated":true}]}}