{"id":13193,"date":"2024-11-08T15:55:37","date_gmt":"2024-11-08T14:55:37","guid":{"rendered":"https:\/\/www.lafresca.fm\/?p=13193"},"modified":"2024-11-08T15:55:39","modified_gmt":"2024-11-08T14:55:39","slug":"cruz-roja-y-la-concejalia-de-medio-ambiente-de-ibi-acuerdan-emprender-acciones-conjuntas-para-la-conservacion-del-entorno","status":"publish","type":"post","link":"https:\/\/www.lafresca.fm\/cruz-roja-y-la-concejalia-de-medio-ambiente-de-ibi-acuerdan-emprender-acciones-conjuntas-para-la-conservacion-del-entorno\/","title":{"rendered":"Cruz Roja y la concejal\u00eda de Medio Ambiente de Ibi acuerdan emprender acciones conjuntas para la conservaci\u00f3n del entorno"},"content":{"rendered":"\n<p>La concejala de Medio Ambiente, Blanca Navarro, y Cruz Roja han acordado colaborar en diferentes acciones destinadas a conservar el entorno natural del municipio. Las acciones conjuntas acordadas consistir\u00e1n en campa\u00f1as de concienciaci\u00f3n y sensibilizaci\u00f3n sobre temas tan relevantes como el impacto negativo sobre algunos parajes de Ibi, adem\u00e1s de establecer campa\u00f1as espec\u00edficas para combatir h\u00e1bitos negativos como arrojar las toallitas por el wc, la problem\u00e1tica de los micropl\u00e1sticos en nuestros entornos naturales y la importancia de mantener nuestro entorno limpio y restaurar nuestros parajes.<\/p>\n\n\n\n<p>Junto a la edil, asistieron el presidente de la Asamblea Local de Cruz Roja Ibi, Rafael Valls, junto a los miembros de la agrupaci\u00f3n, H\u00e9ctor Jim\u00e9nez Espinosa, t\u00e9cnico de medioambiente y Beatriz Molt\u00f3, directora t\u00e9cnica; adem\u00e1s de Karine L\u00f3pez Bonafi, coordinadora de medioambiente en la oficina central de Cruz Roja en Alicante.<\/p>\n\n\n\n<figure class=\"wp-block-image size-large\"><img fetchpriority=\"high\" decoding=\"async\" width=\"1170\" height=\"878\" src=\"https:\/\/www.lafresca.fm\/f-solosog\/2024\/11\/Imagen-de-WhatsApp-2024-11-06-a-las-14.55.00_50858814-1170x878.jpg\" alt=\"\" class=\"wp-image-13194\" srcset=\"https:\/\/www.lafresca.fm\/f-solosog\/2024\/11\/Imagen-de-WhatsApp-2024-11-06-a-las-14.55.00_50858814-1170x878.jpg 1170w, https:\/\/www.lafresca.fm\/f-solosog\/2024\/11\/Imagen-de-WhatsApp-2024-11-06-a-las-14.55.00_50858814-770x578.jpg 770w, https:\/\/www.lafresca.fm\/f-solosog\/2024\/11\/Imagen-de-WhatsApp-2024-11-06-a-las-14.55.00_50858814-768x576.jpg 768w, https:\/\/www.lafresca.fm\/f-solosog\/2024\/11\/Imagen-de-WhatsApp-2024-11-06-a-las-14.55.00_50858814-1536x1152.jpg 1536w, https:\/\/www.lafresca.fm\/f-solosog\/2024\/11\/Imagen-de-WhatsApp-2024-11-06-a-las-14.55.00_50858814.jpg 1600w\" sizes=\"(max-width: 1170px) 100vw, 1170px\" \/><\/figure>\n\n\n\n<p>Blanca Navarro, la concejala de Medio Ambiente del Ayuntamiento de Ibi, indica que \u201cIbi posee un entorno natural privilegiado que merece ser cuidado y conservado para el disfrute de los ciudadanos, que de manera mayoritaria lo defendemos y lo apreciamos\u201d. Sin embargo, la concejal advierte que \u201cmuchos parajes ibenses corren peligro por algunas actitudes y comportamientos de unos pocos insensibles, lo que nos obliga al resto de la ciudadan\u00eda a trabajar en materia de concienciaci\u00f3n para limitar estos efectos negativos, y evitar as\u00ed que vaya a m\u00e1s\u201d.<\/p>\n\n\n\n<p>Navarro afirma que \u201cesta es la primera de muchas reuniones entre el Ayuntamiento y Cruz Roja\u201d y celebra que ambas entidades compartan \u201cla misma preocupaci\u00f3n e inquietud por la conservaci\u00f3n del entorno ibense\u201d.<\/p>\n<script>function PlayerjsAsync(){} if(window[\"Playerjs\"]){PlayerjsAsync();}<\/script>","protected":false},"excerpt":{"rendered":"<p>La concejala de Medio Ambiente, Blanca Navarro, y Cruz Roja han acordado colaborar en diferentes acciones destinadas a conservar el entorno natural del municipio. Las acciones conjuntas acordadas consistir\u00e1n en campa\u00f1as de concienciaci\u00f3n y sensibilizaci\u00f3n sobre temas tan relevantes como el impacto negativo sobre algunos parajes de Ibi, adem\u00e1s de ...<\/p>\n","protected":false},"author":2,"featured_media":13194,"comment_status":"closed","ping_status":"closed","sticky":false,"template":"","format":"standard","meta":{"_monsterinsights_skip_tracking":false,"_monsterinsights_sitenote_active":false,"_monsterinsights_sitenote_note":"","_monsterinsights_sitenote_category":0,"footnotes":""},"categories":[4],"tags":[128],"class_list":["post-13193","post","type-post","status-publish","format-standard","has-post-thumbnail","hentry","category-alicante","tag-ibi"],"aioseo_notices":[],"_links":{"self":[{"href":"https:\/\/www.lafresca.fm\/fresca-api-json\/wp\/v2\/posts\/13193","targetHints":{"allow":["GET"]}}],"collection":[{"href":"https:\/\/www.lafresca.fm\/fresca-api-json\/wp\/v2\/posts"}],"about":[{"href":"https:\/\/www.lafresca.fm\/fresca-api-json\/wp\/v2\/types\/post"}],"author":[{"embeddable":true,"href":"https:\/\/www.lafresca.fm\/fresca-api-json\/wp\/v2\/users\/2"}],"replies":[{"embeddable":true,"href":"https:\/\/www.lafresca.fm\/fresca-api-json\/wp\/v2\/comments?post=13193"}],"version-history":[{"count":2,"href":"https:\/\/www.lafresca.fm\/fresca-api-json\/wp\/v2\/posts\/13193\/revisions"}],"predecessor-version":[{"id":13196,"href":"https:\/\/www.lafresca.fm\/fresca-api-json\/wp\/v2\/posts\/13193\/revisions\/13196"}],"wp:featuredmedia":[{"embeddable":true,"href":"https:\/\/www.lafresca.fm\/fresca-api-json\/wp\/v2\/media\/13194"}],"wp:attachment":[{"href":"https:\/\/www.lafresca.fm\/fresca-api-json\/wp\/v2\/media?parent=13193"}],"wp:term":[{"taxonomy":"category","embeddable":true,"href":"https:\/\/www.lafresca.fm\/fresca-api-json\/wp\/v2\/categories?post=13193"},{"taxonomy":"post_tag","embeddable":true,"href":"https:\/\/www.lafresca.fm\/fresca-api-json\/wp\/v2\/tags?post=13193"}],"curies":[{"name":"wp","href":"https:\/\/api.w.org\/{rel}","templated":true}]}}